{"id":767327,"date":"2015-06-20T09:16:33","date_gmt":"2015-06-20T07:16:33","guid":{"rendered":"https:\/\/dailynewshungary.com\/de\/die-eg-startet-kampagne-zur-sensibilisierung-der-verbraucherrechte-in-ungarn\/"},"modified":"2015-06-20T09:16:33","modified_gmt":"2015-06-20T07:16:33","slug":"die-eg-startet-kampagne-zur-sensibilisierung-der-verbraucherrechte-in-ungarn","status":"publish","type":"post","link":"https:\/\/dailynewshungary.com\/de\/die-eg-startet-kampagne-zur-sensibilisierung-der-verbraucherrechte-in-ungarn\/","title":{"rendered":"Die EG startet Kampagne zur Sensibilisierung der Verbraucherrechte in Ungarn"},"content":{"rendered":"<p><strong>Budapest (MTI) (Ungarn ist eines von dreizehn L\u00e4ndern, in denen die Europ\u00e4ische Kommission eine Kampagne gestartet hat, um das Bewusstsein f\u00fcr die Verbraucherrechte der EU zu sch\u00e4rfen, teilten das Entwicklungsministerium und die Verbraucherschutzbeh\u00f6rde am Freitag mit.<\/strong><\/p>\n<p>Das Ministerium und die ungarische Beh\u00f6rde f\u00fcr Verbraucherschutz zitierten eine Eurobarometer-Umfrage aus dem Jahr 2012, die ergab, dass sich die Ungarn ihrer Verbraucherrechte im Allgemeinen weniger bewusst waren als die B\u00fcrger der meisten europ\u00e4ischen Mitgliedstaaten.<\/p>\n<p>Obwohl 29 Prozent der ungarischen Befragten angaben, beim Kauf eines Produkts im Zeitraum von 12 Monaten vor der Umfrage auf Probleme gesto\u00dfen zu sein, belegte Ungarn bei der Rangfolge nach dem Wissen der Teilnehmer \u00fcber Verbraucherrechte den 24. Platz.<\/p>\n<p>Die Kampagne zielt darauf ab, das Bewusstsein f\u00fcr Verbraucherrechte in Bereichen zu sch\u00e4rfen, in denen die Ungarn der Umfrage zufolge weniger gut informiert waren. Die EG weist in der Kampagne darauf hin, dass Verbraucher das Recht auf eine kostenlose Reparatur oder einen kostenlosen Ersatz eines Produkts haben, das sich als anders als das beworbene erweist.<\/p>\n<p>Die Kommission teilt den Verbrauchern mit, dass sie Anspruch auf eine R\u00fcckerstattung oder eine Preisminderung haben, wenn ihr Produkt nicht ersetzt oder repariert werden kann Die Kampagne unterstreicht auch die Tatsache, dass EU-Kunden 14 Tage Zeit haben, einen Online-Kauf zu \u00fcberdenken und von ihm zur\u00fcckzutreten.<\/p>\n<p>Das EU-Recht biete den europ\u00e4ischen Verbrauchern, die bei Online-K\u00e4ufen ein hohes Ma\u00df an Schutz genie\u00dfen, starke Rechte, sagte Vera Jourova, EU-Kommissarin f\u00fcr Justiz, Verbraucher und GeschlechtergleichstellungSie sagte, die Verbraucherrechte in der EU k\u00f6nnten nur von denjenigen ausge\u00fcbt werden, die sich ihrer bewusst sind, und f\u00fcgte hinzu, dass neuere Studien darauf hindeuten, dass nicht mehr als 12 Prozent der europ\u00e4ischen Verbraucher sich ihrer Grundrechte voll bewusst sind.<\/p>\n","protected":false},"excerpt":{"rendered":"<p>Budapest (MTI) (Ungarn ist eines von dreizehn L\u00e4ndern, in denen die Europ\u00e4ische Kommission eine Kampagne gestartet hat, um das Bewusstsein f\u00fcr die Verbraucherrechte der EU zu sch\u00e4rfen, teilten das Entwicklungsministerium und die Verbraucherschutzbeh\u00f6rde am Freitag mit. Das Ministerium und die ungarische Beh\u00f6rde f\u00fcr Verbraucherschutz zitierten eine Eurobarometer-Umfrage aus dem Jahr 2012, die ergab, dass sich [&hellip;]<\/p>\n","protected":false},"author":2,"featured_media":767328,"comment_status":"open","ping_status":"open","sticky":false,"template":"","format":"standard","meta":{"_acf_changed":false,"_display_image":"","footnotes":""},"categories":[1281],"tags":[1066],"class_list":["post-767327","post","type-post","status-publish","format-standard","has-post-thumbnail","hentry","category-geschaft","tag-hungary"],"blocksy_meta":[],"acf":[],"author_username":"alk","telegram_post":"","public_post_metadata":{"breaking_news":"","important":"","csempe":"","center_tile":"","disable_thumbnail":"","target_lang":"","_featured_image_style":"","telegram_post":"","_xlat_group_id":""},"public_rank_math_data":{"title":"%title% %sep% %sitename%","description":"","focus_keyword":"","canonical_url":"","robots":"","primary_category":"1281","breadcrumb_title":"","facebook_title":"","facebook_description":"","facebook_image":"","facebook_image_id":"","twitter_title":"","twitter_description":"","twitter_image":"","twitter_image_id":"","twitter_card_type":"","twitter_use_facebook":"","advanced_robots":"","pillar_content":"","seo_score":"","contentai_score":"","rich_snippet":""},"_links":{"self":[{"href":"https:\/\/dailynewshungary.com\/de\/wp-json\/wp\/v2\/posts\/767327","targetHints":{"allow":["GET"]}}],"collection":[{"href":"https:\/\/dailynewshungary.com\/de\/wp-json\/wp\/v2\/posts"}],"about":[{"href":"https:\/\/dailynewshungary.com\/de\/wp-json\/wp\/v2\/types\/post"}],"author":[{"embeddable":true,"href":"https:\/\/dailynewshungary.com\/de\/wp-json\/wp\/v2\/users\/2"}],"replies":[{"embeddable":true,"href":"https:\/\/dailynewshungary.com\/de\/wp-json\/wp\/v2\/comments?post=767327"}],"version-history":[{"count":0,"href":"https:\/\/dailynewshungary.com\/de\/wp-json\/wp\/v2\/posts\/767327\/revisions"}],"wp:featuredmedia":[{"embeddable":true,"href":"https:\/\/dailynewshungary.com\/de\/wp-json\/wp\/v2\/media\/767328"}],"wp:attachment":[{"href":"https:\/\/dailynewshungary.com\/de\/wp-json\/wp\/v2\/media?parent=767327"}],"wp:term":[{"taxonomy":"category","embeddable":true,"href":"https:\/\/dailynewshungary.com\/de\/wp-json\/wp\/v2\/categories?post=767327"},{"taxonomy":"post_tag","embeddable":true,"href":"https:\/\/dailynewshungary.com\/de\/wp-json\/wp\/v2\/tags?post=767327"}],"curies":[{"name":"wp","href":"https:\/\/api.w.org\/{rel}","templated":true}]}}