{"id":767329,"date":"2015-06-20T07:11:17","date_gmt":"2015-06-20T05:11:17","guid":{"rendered":"https:\/\/dailynewshungary.com\/de\/orban-in-pozsony-ungarn-wird-seine-grenzen-gegen-illegale-migranten-verteidigen\/"},"modified":"2015-06-20T07:11:17","modified_gmt":"2015-06-20T05:11:17","slug":"orban-in-pozsony-ungarn-wird-seine-grenzen-gegen-illegale-migranten-verteidigen","status":"publish","type":"post","link":"https:\/\/dailynewshungary.com\/de\/orban-in-pozsony-ungarn-wird-seine-grenzen-gegen-illegale-migranten-verteidigen\/","title":{"rendered":"Orban in Pozsony: Ungarn wird seine Grenzen gegen illegale Migranten verteidigen"},"content":{"rendered":"<div class=\"titleNews\"><\/div>\n<div class=\"leadNews\"><strong><span id=\"ctl00_ContentPlaceHolder1_ctrlNewsControl_lbLead\">Pozsony (Bratislava) (MTI) \u2013 Ungarn ist entschlossen, seine Grenzen, die auch die Grenzen Europas sind, gegen illegale Einwanderung zu verteidigen, sagte Premierminister Viktor Orban nach einem Treffen seiner Visegrad-Vier-Kollegen am Freitag in Pozsony.<\/span><\/strong><\/div>\n<div class=\"leadNews\"><\/div>\n<div class=\"leadNews\"><span id=\"ctl00_ContentPlaceHolder1_ctrlNewsControl_lbBody\">Illegale Migration sei ein Verbrechen und Ungarn werde kriminelle Aktivit\u00e4ten entlang seiner Grenzen nicht zulassen, argumentierte Orban.<\/p>\n<p>Orban stellte fest, dass der Einwanderungsdruck mit \u00fcber 50.000 Einwanderern allein in den ersten f\u00fcnf Monaten des Jahres 2015 der gr\u00f6\u00dfte in Ungarn sei.<\/p>\n<p>Auf eine Frage antwortete Orban, dass Ungarn keine Hilfe zum Schutz seiner Grenzen ben\u00f6tige.<\/p>\n<p>Die Teilnehmer des Treffens lehnten den Vorschlag der Europ\u00e4ischen Union ab, f\u00fcr jedes Mitglied Einwanderungsquoten einzuf\u00fchren \u201cWir glauben, dass der Vorschlag der Europ\u00e4ischen Kommission im Widerspruch zum Prinzip der Freiwilligkeit steht, wie es der Europ\u00e4ische Rat vertritt\u201d, sagte der slowakische Premierminister Robert Fico.<\/p>\n<p>Fico sagte auch, dass bei dem Treffen ein besonderer Schwerpunkt auf das Einwanderungsproblem Ungarns gelegt worden sei und die Teilnehmer sich einig seien, dass die besondere Situation Ungarns nicht \u00fcbersehen werden d\u00fcrfe.<\/p>\n<p>Zum Thema der geplanten Energieunion der EU sagte Orban, dass Ungarn diese Pl\u00e4ne unterst\u00fctze, aber darauf bestehe, dass Entscheidungen \u00fcber die Preisgestaltung und die Struktur der Energieversorgung weiterhin auf nationaler Ebene getroffen werden sollten.<\/p>\n<p>Orban bezeichnete die Kernenergie als \u201cdie Energie f\u00fcr die Zukunft\u201d und f\u00fcgte hinzu, dass \u201cdiese Idee in diesem Unternehmen nicht seltsam klingt\u201d. <\/p>\n<p><\/span><\/div>\n<div class=\"leadNews\"><\/div>\n<div class=\"leadNews\"><span id=\"ctl00_ContentPlaceHolder1_ctrlNewsControl_lbBody\">Orban betonte auch, wie wichtig es sei, \u201cmindestens eine, strategische Gaspipeline\u201d zu bauen, die Mitteleuropa aus dem S\u00fcden versorgt \u201cWir sind an jedem Bau interessiert\u201d, sagte Orban und f\u00fcgte hinzu, dass Ungarn das Nabucco-Projekt \u201cnicht hinter sich lassen\u201d werde, das \u201cvon Europas Politikern fallen gelassen wurde\u201d.<\/span><\/div>\n<div class=\"leadNews\"><\/div>\n<div class=\"leadNews\"><em>Foto: MTI<\/em><\/div>\n","protected":false},"excerpt":{"rendered":"<p>Pozsony (Bratislava) (MTI) \u2013 Ungarn ist entschlossen, seine Grenzen, die auch die Grenzen Europas sind, gegen illegale Einwanderung zu verteidigen, sagte Premierminister Viktor Orban nach einem Treffen seiner Visegrad-Vier-Kollegen am Freitag in Pozsony. Illegale Migration sei ein Verbrechen und Ungarn werde kriminelle Aktivit\u00e4ten entlang seiner Grenzen nicht zulassen, argumentierte Orban. Orban stellte fest, dass der [&hellip;]<\/p>\n","protected":false},"author":2,"featured_media":767330,"comment_status":"open","ping_status":"open","sticky":false,"template":"","format":"standard","meta":{"_acf_changed":false,"_display_image":"","footnotes":""},"categories":[1081],"tags":[1445,1173],"class_list":["post-767329","post","type-post","status-publish","format-standard","has-post-thumbnail","hentry","category-politik","tag-migration","tag-slowakei"],"blocksy_meta":[],"acf":[],"author_username":"alk","telegram_post":"","public_post_metadata":{"breaking_news":"","important":"","csempe":"","center_tile":"","disable_thumbnail":"","target_lang":"","_featured_image_style":"","telegram_post":"","_xlat_group_id":""},"public_rank_math_data":{"title":"%title% %sep% %sitename%","description":"","focus_keyword":"","canonical_url":"","robots":"","primary_category":"1081","breadcrumb_title":"","facebook_title":"","facebook_description":"","facebook_image":"","facebook_image_id":"","twitter_title":"","twitter_description":"","twitter_image":"","twitter_image_id":"","twitter_card_type":"","twitter_use_facebook":"","advanced_robots":"","pillar_content":"","seo_score":"","contentai_score":"","rich_snippet":""},"_links":{"self":[{"href":"https:\/\/dailynewshungary.com\/de\/wp-json\/wp\/v2\/posts\/767329","targetHints":{"allow":["GET"]}}],"collection":[{"href":"https:\/\/dailynewshungary.com\/de\/wp-json\/wp\/v2\/posts"}],"about":[{"href":"https:\/\/dailynewshungary.com\/de\/wp-json\/wp\/v2\/types\/post"}],"author":[{"embeddable":true,"href":"https:\/\/dailynewshungary.com\/de\/wp-json\/wp\/v2\/users\/2"}],"replies":[{"embeddable":true,"href":"https:\/\/dailynewshungary.com\/de\/wp-json\/wp\/v2\/comments?post=767329"}],"version-history":[{"count":0,"href":"https:\/\/dailynewshungary.com\/de\/wp-json\/wp\/v2\/posts\/767329\/revisions"}],"wp:featuredmedia":[{"embeddable":true,"href":"https:\/\/dailynewshungary.com\/de\/wp-json\/wp\/v2\/media\/767330"}],"wp:attachment":[{"href":"https:\/\/dailynewshungary.com\/de\/wp-json\/wp\/v2\/media?parent=767329"}],"wp:term":[{"taxonomy":"category","embeddable":true,"href":"https:\/\/dailynewshungary.com\/de\/wp-json\/wp\/v2\/categories?post=767329"},{"taxonomy":"post_tag","embeddable":true,"href":"https:\/\/dailynewshungary.com\/de\/wp-json\/wp\/v2\/tags?post=767329"}],"curies":[{"name":"wp","href":"https:\/\/api.w.org\/{rel}","templated":true}]}}