{"id":767357,"date":"2015-06-18T18:00:39","date_gmt":"2015-06-18T16:00:39","guid":{"rendered":"https:\/\/dailynewshungary.com\/de\/geheimdienst-schaut-sich-keine-migrationswerbetafeln-an-sagt-das-innenministerium\/"},"modified":"2015-06-18T18:00:39","modified_gmt":"2015-06-18T16:00:39","slug":"geheimdienst-schaut-sich-keine-migrationswerbetafeln-an-sagt-das-innenministerium","status":"publish","type":"post","link":"https:\/\/dailynewshungary.com\/de\/geheimdienst-schaut-sich-keine-migrationswerbetafeln-an-sagt-das-innenministerium\/","title":{"rendered":"Geheimdienst schaut sich keine Migrationswerbetafeln an, sagt das Innenministerium"},"content":{"rendered":"<p><strong>Budapest, 18. Juni (MTI) \u201eDie Geheimdienste waren nicht an polizeilichen Ma\u00dfnahmen gegen diejenigen beteiligt, die im Rahmen der \u201enationalen Konsultation\u201c-Kampagne der Regierung zum Thema Einwanderung Plakate verunstalteten, sagte Staatssekret\u00e4r im Innenministerium, Laszlo Tasnadi, am Donnerstag dem nationalen Sicherheitsausschuss des Parlaments.<\/strong><\/p>\n<p>Der Staatssekret\u00e4r sagte, er habe eine offene Sitzung des Ausschusses initiiert, nachdem der Polizei wiederholt vorgeworfen worden sei, die Werbetafeln heimlich und offen bewacht zu habenDie Polizei erf\u00fclle ihre Aufgaben im Einklang mit dem Gesetz, beharrte Tasnadi.<\/p>\n<p>Der sozialistische Leiter des Komitees, Zsolt Molnar, fragte Vertreter des Innenministeriums und der Nationalpolizei, ob sie in dieser Angelegenheit geheime Ermittlungen durchf\u00fchrten und ob der Geheimdienst an den Sicherheitsma\u00dfnahmen beteiligt sei.<\/p>\n<p>Polizeichef Karoly Papp sagte, die Polizei habe keine Liste der ausgestellten Werbetafeln. Er sagte, die Polizei sei aufgrund der eingegangenen Beschwerden und online ver\u00f6ffentlichten Fotos in \u00f6ffentlichen Bereichen eingesetzt worden. Bis Donnerstag um 6 Uhr habe die Polizei insgesamt 85 Beschwerden im Zusammenhang mit der Verunstaltung von Migrationswerbetafeln erhalten und in 59 F\u00e4llen Ermittlungen eingeleitet, sagte Papp. Die Polizei habe in jedem Fall offene und rechtm\u00e4\u00dfige Verfahren durchgef\u00fchrt und keine geheime Datenerfassung durchgef\u00fchrt, f\u00fcgte er hinzu.<\/p>\n<p><em>Foto: MTI<\/em><\/p>\n","protected":false},"excerpt":{"rendered":"<p>Budapest, 18. Juni (MTI) \u201eDie Geheimdienste waren nicht an polizeilichen Ma\u00dfnahmen gegen diejenigen beteiligt, die im Rahmen der \u201enationalen Konsultation\u201c-Kampagne der Regierung zum Thema Einwanderung Plakate verunstalteten, sagte Staatssekret\u00e4r im Innenministerium, Laszlo Tasnadi, am Donnerstag dem nationalen Sicherheitsausschuss des Parlaments. Der Staatssekret\u00e4r sagte, er habe eine offene Sitzung des Ausschusses initiiert, nachdem der Polizei wiederholt [&hellip;]<\/p>\n","protected":false},"author":2,"featured_media":767358,"comment_status":"open","ping_status":"open","sticky":false,"template":"","format":"standard","meta":{"_acf_changed":false,"_display_image":"","footnotes":""},"categories":[1081],"tags":[1445],"class_list":["post-767357","post","type-post","status-publish","format-standard","has-post-thumbnail","hentry","category-politik","tag-migration"],"blocksy_meta":[],"acf":[],"author_username":"alk","telegram_post":"","public_post_metadata":{"breaking_news":"","important":"","csempe":"","center_tile":"","disable_thumbnail":"","target_lang":"","_featured_image_style":"","telegram_post":"","_xlat_group_id":""},"public_rank_math_data":{"title":"%title% %sep% %sitename%","description":"","focus_keyword":"","canonical_url":"","robots":"","primary_category":"1081","breadcrumb_title":"","facebook_title":"","facebook_description":"","facebook_image":"","facebook_image_id":"","twitter_title":"","twitter_description":"","twitter_image":"","twitter_image_id":"","twitter_card_type":"","twitter_use_facebook":"","advanced_robots":"","pillar_content":"","seo_score":"","contentai_score":"","rich_snippet":""},"_links":{"self":[{"href":"https:\/\/dailynewshungary.com\/de\/wp-json\/wp\/v2\/posts\/767357","targetHints":{"allow":["GET"]}}],"collection":[{"href":"https:\/\/dailynewshungary.com\/de\/wp-json\/wp\/v2\/posts"}],"about":[{"href":"https:\/\/dailynewshungary.com\/de\/wp-json\/wp\/v2\/types\/post"}],"author":[{"embeddable":true,"href":"https:\/\/dailynewshungary.com\/de\/wp-json\/wp\/v2\/users\/2"}],"replies":[{"embeddable":true,"href":"https:\/\/dailynewshungary.com\/de\/wp-json\/wp\/v2\/comments?post=767357"}],"version-history":[{"count":0,"href":"https:\/\/dailynewshungary.com\/de\/wp-json\/wp\/v2\/posts\/767357\/revisions"}],"wp:featuredmedia":[{"embeddable":true,"href":"https:\/\/dailynewshungary.com\/de\/wp-json\/wp\/v2\/media\/767358"}],"wp:attachment":[{"href":"https:\/\/dailynewshungary.com\/de\/wp-json\/wp\/v2\/media?parent=767357"}],"wp:term":[{"taxonomy":"category","embeddable":true,"href":"https:\/\/dailynewshungary.com\/de\/wp-json\/wp\/v2\/categories?post=767357"},{"taxonomy":"post_tag","embeddable":true,"href":"https:\/\/dailynewshungary.com\/de\/wp-json\/wp\/v2\/tags?post=767357"}],"curies":[{"name":"wp","href":"https:\/\/api.w.org\/{rel}","templated":true}]}}