{"id":767361,"date":"2015-06-18T14:04:45","date_gmt":"2015-06-18T12:04:45","guid":{"rendered":"https:\/\/dailynewshungary.com\/de\/europaische-kommission-grenzkontrolle-nationale-zustandigkeit-aber-im-einklang-mit-dem-innerstaatlichen-recht\/"},"modified":"2015-06-18T14:04:45","modified_gmt":"2015-06-18T12:04:45","slug":"europaische-kommission-grenzkontrolle-nationale-zustandigkeit-aber-im-einklang-mit-dem-innerstaatlichen-recht","status":"publish","type":"post","link":"https:\/\/dailynewshungary.com\/de\/europaische-kommission-grenzkontrolle-nationale-zustandigkeit-aber-im-einklang-mit-dem-innerstaatlichen-recht\/","title":{"rendered":"Europ\u00e4ische Kommission: Grenzkontrolle, nationale Zust\u00e4ndigkeit, aber im Einklang mit dem innerstaatlichen Recht"},"content":{"rendered":"<p><strong>Budapest, 18. Juni (MTI) \u201eGrenzkontrolle liegt in der nationalen Verantwortung, muss jedoch im Einklang mit internationalen Vorschriften wie denen zu Menschenrechten durchgef\u00fchrt werden, sagte ein Sprecher der Europ\u00e4ischen Kommission am Donnerstag.<\/strong><\/p>\n<p>Natasha Bertaud kommentierte die Ank\u00fcndigung Ungarns vom Mittwoch, entlang seiner Grenze zu Serbien einen Zaun zu errichten.<\/p>\n<p>Die Kommission halte Z\u00e4une nicht f\u00fcr die beste Option und w\u00fcrde alternative Ma\u00dfnahmen empfehlen, f\u00fcgte sie hinzu.<\/p>\n","protected":false},"excerpt":{"rendered":"<p>Budapest, 18. Juni (MTI) \u201eGrenzkontrolle liegt in der nationalen Verantwortung, muss jedoch im Einklang mit internationalen Vorschriften wie denen zu Menschenrechten durchgef\u00fchrt werden, sagte ein Sprecher der Europ\u00e4ischen Kommission am Donnerstag. Natasha Bertaud kommentierte die Ank\u00fcndigung Ungarns vom Mittwoch, entlang seiner Grenze zu Serbien einen Zaun zu errichten. Die Kommission halte Z\u00e4une nicht f\u00fcr die [&hellip;]<\/p>\n","protected":false},"author":2,"featured_media":767362,"comment_status":"open","ping_status":"open","sticky":false,"template":"","format":"standard","meta":{"_acf_changed":false,"_display_image":"","footnotes":""},"categories":[1081],"tags":[1445],"class_list":["post-767361","post","type-post","status-publish","format-standard","has-post-thumbnail","hentry","category-politik","tag-migration"],"blocksy_meta":[],"acf":[],"author_username":"alk","telegram_post":"","public_post_metadata":{"breaking_news":"","important":"","csempe":"","center_tile":"","disable_thumbnail":"","target_lang":"","_featured_image_style":"","telegram_post":"","_xlat_group_id":""},"public_rank_math_data":{"title":"%title% %sep% %sitename%","description":"","focus_keyword":"","canonical_url":"","robots":"","primary_category":"1081","breadcrumb_title":"","facebook_title":"","facebook_description":"","facebook_image":"","facebook_image_id":"","twitter_title":"","twitter_description":"","twitter_image":"","twitter_image_id":"","twitter_card_type":"","twitter_use_facebook":"","advanced_robots":"","pillar_content":"","seo_score":"","contentai_score":"","rich_snippet":""},"_links":{"self":[{"href":"https:\/\/dailynewshungary.com\/de\/wp-json\/wp\/v2\/posts\/767361","targetHints":{"allow":["GET"]}}],"collection":[{"href":"https:\/\/dailynewshungary.com\/de\/wp-json\/wp\/v2\/posts"}],"about":[{"href":"https:\/\/dailynewshungary.com\/de\/wp-json\/wp\/v2\/types\/post"}],"author":[{"embeddable":true,"href":"https:\/\/dailynewshungary.com\/de\/wp-json\/wp\/v2\/users\/2"}],"replies":[{"embeddable":true,"href":"https:\/\/dailynewshungary.com\/de\/wp-json\/wp\/v2\/comments?post=767361"}],"version-history":[{"count":0,"href":"https:\/\/dailynewshungary.com\/de\/wp-json\/wp\/v2\/posts\/767361\/revisions"}],"wp:featuredmedia":[{"embeddable":true,"href":"https:\/\/dailynewshungary.com\/de\/wp-json\/wp\/v2\/media\/767362"}],"wp:attachment":[{"href":"https:\/\/dailynewshungary.com\/de\/wp-json\/wp\/v2\/media?parent=767361"}],"wp:term":[{"taxonomy":"category","embeddable":true,"href":"https:\/\/dailynewshungary.com\/de\/wp-json\/wp\/v2\/categories?post=767361"},{"taxonomy":"post_tag","embeddable":true,"href":"https:\/\/dailynewshungary.com\/de\/wp-json\/wp\/v2\/tags?post=767361"}],"curies":[{"name":"wp","href":"https:\/\/api.w.org\/{rel}","templated":true}]}}