{"id":767385,"date":"2015-06-17T11:00:08","date_gmt":"2015-06-17T09:00:08","guid":{"rendered":"https:\/\/dailynewshungary.com\/de\/rogan-ungarn-braucht-einwanderungsfeindliche-masnahmen-ahnlich-denen-von-w-europe\/"},"modified":"2015-06-17T11:00:08","modified_gmt":"2015-06-17T09:00:08","slug":"rogan-ungarn-braucht-einwanderungsfeindliche-masnahmen-ahnlich-denen-von-w-europe","status":"publish","type":"post","link":"https:\/\/dailynewshungary.com\/de\/rogan-ungarn-braucht-einwanderungsfeindliche-masnahmen-ahnlich-denen-von-w-europe\/","title":{"rendered":"Rogan: Ungarn braucht einwanderungsfeindliche Ma\u00dfnahmen \u00e4hnlich denen von W Europe"},"content":{"rendered":"<p><strong>Budapest, 17. Juni (MTI) \u2013 Die Fraktion der regierenden Fidesz hat die ungarische Regierung gebeten, \u00e4hnliche Ma\u00dfnahmen zur Eind\u00e4mmung der Einwanderung in Betracht zu ziehen, wie sie von westeurop\u00e4ischen L\u00e4ndern geplant wurden, sagte der Fraktionsvorsitzende am Mittwoch.<\/strong><\/p>\n<p>Wenn diese westlichen L\u00e4nder ihre Grenzen abdichten w\u00fcrden, m\u00fcsse Ungarn auch seine s\u00fcdlichen Grenzen schlie\u00dfen, sonst st\u00fcnden dem Land bis Ende des Jahres 100.000 Migranten hier fest, sagte Antal Rogan dem \u00f6ffentlichen Fernsehen.<\/p>\n<p>Bis Ende Juni werde die Zahl der illegalen Einwanderer 60.000 \u00fcberschreiten, sagte er.<\/p>\n<p>Deutschland und \u00d6sterreich h\u00e4tten bereits angedeutet, dass sie sich auf die R\u00fcckf\u00fchrung von etwa 15.000 Einwanderern nach Ungarn vorbereiten, sagte Rogan dem Nachrichtensender M1 und f\u00fcgte hinzu, dass es gleichzeitig einen st\u00e4ndigen Zustrom illegaler Einwanderer an den S\u00fcdgrenzen des Landes gegeben habe.<\/p>\n<p>Als letztes Mittel k\u00e4me eine vollst\u00e4ndige physische Grenzschlie\u00dfung in Betracht, sagte er und f\u00fcgte hinzu, dass es ideal w\u00e4re, wenn auch an der griechisch-t\u00fcrkischen Grenze ein Zaun errichtet w\u00fcrde, \u00e4hnlich dem an der bulgarisch-t\u00fcrkischen Grenze.<\/p>\n<blockquote>\n<p>\u201cAber wenn es dort nicht gemacht wird, m\u00fcssen wir es tun\u201d, sagte Rogan.<\/p>\n<\/blockquote>\n<p>F\u00fcr Mittwoch ist im Parlament eine allgemeine Debatte \u00fcber einen \u00c4nderungsvorschlag zum Gesetz \u00fcber Migration zu \u201csicheren\u201d Drittstaaten angesetzt, den die Fidesz-Abgeordneten Antal Rogan, Lajos Kosa und Szilard Nemeth vorgelegt haben.<\/p>\n<p><em>Foto: MTI<\/em><\/p>\n<p>&nbsp;<\/p>\n","protected":false},"excerpt":{"rendered":"<p>Budapest, 17. Juni (MTI) \u2013 Die Fraktion der regierenden Fidesz hat die ungarische Regierung gebeten, \u00e4hnliche Ma\u00dfnahmen zur Eind\u00e4mmung der Einwanderung in Betracht zu ziehen, wie sie von westeurop\u00e4ischen L\u00e4ndern geplant wurden, sagte der Fraktionsvorsitzende am Mittwoch. Wenn diese westlichen L\u00e4nder ihre Grenzen abdichten w\u00fcrden, m\u00fcsse Ungarn auch seine s\u00fcdlichen Grenzen schlie\u00dfen, sonst st\u00fcnden dem [&hellip;]<\/p>\n","protected":false},"author":2,"featured_media":767386,"comment_status":"open","ping_status":"open","sticky":false,"template":"","format":"standard","meta":{"_acf_changed":false,"_display_image":"","footnotes":""},"categories":[1081],"tags":[1091,1445],"class_list":["post-767385","post","type-post","status-publish","format-standard","has-post-thumbnail","hentry","category-politik","tag-fidesz","tag-migration"],"blocksy_meta":[],"acf":[],"author_username":"alk","telegram_post":"","public_post_metadata":{"breaking_news":"","important":"","csempe":"","center_tile":"","disable_thumbnail":"","target_lang":"","_featured_image_style":"","telegram_post":"","_xlat_group_id":""},"public_rank_math_data":{"title":"%title% %sep% %sitename%","description":"","focus_keyword":"","canonical_url":"","robots":"","primary_category":"1081","breadcrumb_title":"","facebook_title":"","facebook_description":"","facebook_image":"","facebook_image_id":"","twitter_title":"","twitter_description":"","twitter_image":"","twitter_image_id":"","twitter_card_type":"","twitter_use_facebook":"","advanced_robots":"","pillar_content":"","seo_score":"","contentai_score":"","rich_snippet":""},"_links":{"self":[{"href":"https:\/\/dailynewshungary.com\/de\/wp-json\/wp\/v2\/posts\/767385","targetHints":{"allow":["GET"]}}],"collection":[{"href":"https:\/\/dailynewshungary.com\/de\/wp-json\/wp\/v2\/posts"}],"about":[{"href":"https:\/\/dailynewshungary.com\/de\/wp-json\/wp\/v2\/types\/post"}],"author":[{"embeddable":true,"href":"https:\/\/dailynewshungary.com\/de\/wp-json\/wp\/v2\/users\/2"}],"replies":[{"embeddable":true,"href":"https:\/\/dailynewshungary.com\/de\/wp-json\/wp\/v2\/comments?post=767385"}],"version-history":[{"count":0,"href":"https:\/\/dailynewshungary.com\/de\/wp-json\/wp\/v2\/posts\/767385\/revisions"}],"wp:featuredmedia":[{"embeddable":true,"href":"https:\/\/dailynewshungary.com\/de\/wp-json\/wp\/v2\/media\/767386"}],"wp:attachment":[{"href":"https:\/\/dailynewshungary.com\/de\/wp-json\/wp\/v2\/media?parent=767385"}],"wp:term":[{"taxonomy":"category","embeddable":true,"href":"https:\/\/dailynewshungary.com\/de\/wp-json\/wp\/v2\/categories?post=767385"},{"taxonomy":"post_tag","embeddable":true,"href":"https:\/\/dailynewshungary.com\/de\/wp-json\/wp\/v2\/tags?post=767385"}],"curies":[{"name":"wp","href":"https:\/\/api.w.org\/{rel}","templated":true}]}}