{"id":767403,"date":"2015-06-16T14:00:05","date_gmt":"2015-06-16T12:00:05","guid":{"rendered":"https:\/\/dailynewshungary.com\/de\/ungarisches-madchenfoto-im-louvre-ausgestellt\/"},"modified":"2015-06-16T14:00:05","modified_gmt":"2015-06-16T12:00:05","slug":"ungarisches-madchenfoto-im-louvre-ausgestellt","status":"publish","type":"post","link":"https:\/\/dailynewshungary.com\/de\/ungarisches-madchenfoto-im-louvre-ausgestellt\/","title":{"rendered":"Ungarisches M\u00e4dchenfoto im Louvre ausgestellt"},"content":{"rendered":"<p><strong>Das Foto von Fl\u00f3ra Borsi wird bald in einem der ber\u00fchmtesten Museen der Welt zu sehen sein. Der 22-j\u00e4hrige Fotograf teilte die gute Nachricht am Samstag auf Facebook mit, sagte szeretlekmagyarorszag.hu.<\/strong><\/p>\n<p>\u201cEines meiner Bilder wird im Louvre, Paris, ausgestellt!!!\u201d<\/p>\n<p>Fl\u00f3ra trat beim Exposure Award an, wo man f\u00fcr die Advancers stimmen konnte. Von den insgesamt 100 Stimmen konnte sie 53 erhalten. Trotzdem gelangte sie in die zweite Runde. Das bedeutet, dass eines ihrer ausgew\u00e4hlten Fotos im Louvre ausgestellt wird, und es wird auch im Exposure Award-Buch enthalten sein.<\/p>\n<p>Das ausgew\u00e4hlte Bild ist das erste St\u00fcck der Fotostrecke Velave aus dem Jahr 2015 Mehr Bilder seht ihr auf der<span style=\"color: #3366ff;\"><a style=\"color: #3366ff;\" href=\"http:\/\/www.floraborsi.com\/\" target=\"_blank\" rel=\"noopener\"> Eigene Seite des Fotografen<\/a><\/span>.<\/p>\n<p>Die endg\u00fcltige Bekanntgabe der Ergebnisse erfolgt am 23. Juni. Dieses Mal wird bekannt gegeben, wer in der Endrunde den Hauptpreis erhalten wird.<\/p>\n<p>F\u00fcr Flora brachte die Fotoserie Time Travel den Ruhm Nun startete sie eine weitere \u201cZeitreise\u201d Sie manipulierte die Fotos mit den Figuren der VergangenheitIn ihrer neuesten Serie pr\u00e4sentierte sie die historischen Gesichter Detroits, sagte szeretlekmagyarorszag.hu.<\/p>\n<p>\u201cWas w\u00e4re, wenn diese Menschen aus der Vergangenheit ihre Lieblingsorte sehen k\u00f6nnten? kann Detroit noch aufsteigen? ich hoffe es\u201d \u2013 Sie schreibt auf ihren Fotos, die bei ihrem letzten Besuch in den USA aufgenommen wurden.<\/p>\n<p>Zuvor wurde f\u00fcr das junge M\u00e4dchen dort eine Gastdozenturstelle angeboten, doch sie beschloss, zun\u00e4chst ihr Studium an der Moholy-Nagy-Universit\u00e4t der K\u00fcnste in Budapest (MOME) abzuschlie\u00dfen.<\/p>\n<p><em>basierend auf dem Artikel von szeretlekmagyarorszag.hu<br \/>\n\u00dcbersetzt von B.A<\/em><\/p>\n<p><em>Fotos: <span style=\"color: #3366ff;\"><a style=\"color: #3366ff;\" href=\"http:\/\/www.floraborsi.com\/\" target=\"_blank\" rel=\"noopener\">Flora Borsi Webseite<\/a><\/span><\/em><\/p>\n","protected":false},"excerpt":{"rendered":"<p>Das Foto von Fl\u00f3ra Borsi wird bald in einem der ber\u00fchmtesten Museen der Welt zu sehen sein. Der 22-j\u00e4hrige Fotograf teilte die gute Nachricht am Samstag auf Facebook mit, sagte szeretlekmagyarorszag.hu. \u201cEines meiner Bilder wird im Louvre, Paris, ausgestellt!!!\u201d Fl\u00f3ra trat beim Exposure Award an, wo man f\u00fcr die Advancers stimmen konnte. Von den insgesamt [&hellip;]<\/p>\n","protected":false},"author":3,"featured_media":767404,"comment_status":"open","ping_status":"open","sticky":false,"template":"","format":"standard","meta":{"_acf_changed":false,"_display_image":"","footnotes":""},"categories":[1151],"tags":[1232,1536,1314],"class_list":["post-767403","post","type-post","status-publish","format-standard","has-post-thumbnail","hentry","category-kulturen","tag-ausstellung","tag-auszeichnung","tag-kunst"],"blocksy_meta":[],"acf":[],"author_username":"becsi","telegram_post":"","public_post_metadata":{"breaking_news":"","important":"","csempe":"","center_tile":"","disable_thumbnail":"","target_lang":"","_featured_image_style":"","telegram_post":"","_xlat_group_id":""},"public_rank_math_data":{"title":"%title% %sep% %sitename%","description":"","focus_keyword":"Fl\u00f3ra Borsi","canonical_url":"","robots":"","primary_category":"1151","breadcrumb_title":"","facebook_title":"","facebook_description":"","facebook_image":"","facebook_image_id":"","twitter_title":"","twitter_description":"","twitter_image":"","twitter_image_id":"","twitter_card_type":"","twitter_use_facebook":"","advanced_robots":"","pillar_content":"","seo_score":"21","contentai_score":"","rich_snippet":""},"_links":{"self":[{"href":"https:\/\/dailynewshungary.com\/de\/wp-json\/wp\/v2\/posts\/767403","targetHints":{"allow":["GET"]}}],"collection":[{"href":"https:\/\/dailynewshungary.com\/de\/wp-json\/wp\/v2\/posts"}],"about":[{"href":"https:\/\/dailynewshungary.com\/de\/wp-json\/wp\/v2\/types\/post"}],"author":[{"embeddable":true,"href":"https:\/\/dailynewshungary.com\/de\/wp-json\/wp\/v2\/users\/3"}],"replies":[{"embeddable":true,"href":"https:\/\/dailynewshungary.com\/de\/wp-json\/wp\/v2\/comments?post=767403"}],"version-history":[{"count":0,"href":"https:\/\/dailynewshungary.com\/de\/wp-json\/wp\/v2\/posts\/767403\/revisions"}],"wp:featuredmedia":[{"embeddable":true,"href":"https:\/\/dailynewshungary.com\/de\/wp-json\/wp\/v2\/media\/767404"}],"wp:attachment":[{"href":"https:\/\/dailynewshungary.com\/de\/wp-json\/wp\/v2\/media?parent=767403"}],"wp:term":[{"taxonomy":"category","embeddable":true,"href":"https:\/\/dailynewshungary.com\/de\/wp-json\/wp\/v2\/categories?post=767403"},{"taxonomy":"post_tag","embeddable":true,"href":"https:\/\/dailynewshungary.com\/de\/wp-json\/wp\/v2\/tags?post=767403"}],"curies":[{"name":"wp","href":"https:\/\/api.w.org\/{rel}","templated":true}]}}