{"id":767453,"date":"2015-06-14T07:31:30","date_gmt":"2015-06-14T05:31:30","guid":{"rendered":"https:\/\/dailynewshungary.com\/de\/anderungen-auf-der-vorlaufigen-liste-der-welterbestatten-in-ungarn\/"},"modified":"2015-06-14T07:31:30","modified_gmt":"2015-06-14T05:31:30","slug":"anderungen-auf-der-vorlaufigen-liste-der-welterbestatten-in-ungarn","status":"publish","type":"post","link":"https:\/\/dailynewshungary.com\/de\/anderungen-auf-der-vorlaufigen-liste-der-welterbestatten-in-ungarn\/","title":{"rendered":"\u00c4nderungen auf der vorl\u00e4ufigen Liste der Welterbest\u00e4tten in Ungarn"},"content":{"rendered":"<p><strong>Laut einer neuen Verordnung stehen 10 ungarische Orte auf der vorl\u00e4ufigen Liste des Weltkulturerbes statt 11, weil Esztergom und Visegrad fusioniert sind. Es gibt eine St\u00e4tte, die kleiner geworden ist, aber eine andere wurde erweitert, sagte turizmusonline.hu.<\/strong><\/p>\n<p>K\u00fcrzlich wurde im Amtsblatt ver\u00f6ffentlicht, dass eine neue Verordnung 10 Orte auf die Liste des Welterbes stellt Die meisten St\u00e4tten sind nicht neu, da es eine gibt, die seit mehr als 20 Jahren auf der Liste steht Auf der Website hie\u00df es, es liege daran, dass das Parlament das Welterbegesetz verabschiedet habe, in dem die vorl\u00e4ufigen Orte durch einen Ministerialerlass best\u00e4tigt werden m\u00fcssen Der Minister des B\u00fcros des Premierministers \u00fcberpr\u00fcfte die Liste mit Unterst\u00fctzung des Forster Centers und sie beschlossen, dass jeder Ort auf der Liste bleiben sollte.<\/p>\n<p>An einigen Orten gab es immer gr\u00f6\u00dfere und geringere Ver\u00e4nderungen, so wurde beispielsweise die mittelalterliche Burg Esztergom\u201d und das \u201cK\u00f6nigsresidenz &#8211; und Jagdrevier Visegrad\u201d unter dem Namen mittelalterlicher ungarischer K\u00f6nigszentren zu einem Ort, weitere Ver\u00e4nderungen gibt es: Die geografischen Gebiete \u201cDas Landhausnetz in Ungarn\u201d und \u201cDie nord\u00f6stlichen Karpatenholzkirchen\u201d sind leicht zur\u00fcckgegangen, w\u00e4hrend das Gebiet der Halbinsel Tihany, der Tapolca-Remnanth\u00fcgel und der See Heviz\u201d zugenommen haben und es mit einem neuen Namen, \u201cBalaton Uplands cultural landscape\u201d auf der Liste steht.<\/p>\n<p>Um tats\u00e4chlich zum Weltkulturerbe zu werden, sollten sie auf das UNESCO-Welterbekomitee ausgeweitet werden. \u201eEs ist nur m\u00f6glich, wenn diese Orte auf der vorl\u00e4ufigen Liste stehen. Derzeit liegt dem Parlament eine \u00c4nderung des Welterbegesetzes vor, wonach der zust\u00e4ndige Minister der Regierung vorschl\u00e4gt. die St\u00e4tten, die auf der Liste stehen sollten.<\/p>\n<p>Derzeit sieht die ungarische vorl\u00e4ufige Liste der Welterbest\u00e4tten wie folgt aus:<\/p>\n<ul>\n<li>Die Grenzen des R\u00f6mischen Reiches \u2013 Ungarischer Abschnitt des Donaulimes<\/li>\n<li>Odon Lechner arbeitet<\/li>\n<li>Esztergom und Visegrad ungarische mittelalterliche K\u00f6nigszentren, und das ehemalige k\u00f6nigliche Waldgebiet Pilis<\/li>\n<li>Kulturlandschaft Balaton Uplands<\/li>\n<li>Ungarns Netzwerk regionaler H\u00e4user<\/li>\n<li>Das Nationalgest\u00fct Mezohegyes<\/li>\n<li>Obere Thei\u00df-Holzglockent\u00fcrme<\/li>\n<li>Festungssystem Kom\u00e1rom \/ Komarno am Zusammenfluss der Fl\u00fcsse Donau und Vah<\/li>\n<li>Das Thermalkarsth\u00f6hlensystem Buda<\/li>\n<li>Lebensraum Ipolytarnoc<\/li>\n<\/ul>\n<p><em>Basierend auf dem Artikel von turizmusonline.hu<br \/>\n\u00dcbersetzt von B.A<\/em><\/p>\n","protected":false},"excerpt":{"rendered":"<p>Laut einer neuen Verordnung stehen 10 ungarische Orte auf der vorl\u00e4ufigen Liste des Weltkulturerbes statt 11, weil Esztergom und Visegrad fusioniert sind. Es gibt eine St\u00e4tte, die kleiner geworden ist, aber eine andere wurde erweitert, sagte turizmusonline.hu. K\u00fcrzlich wurde im Amtsblatt ver\u00f6ffentlicht, dass eine neue Verordnung 10 Orte auf die Liste des Welterbes stellt Die [&hellip;]<\/p>\n","protected":false},"author":3,"featured_media":767454,"comment_status":"open","ping_status":"open","sticky":false,"template":"","format":"standard","meta":{"_acf_changed":false,"_display_image":"","footnotes":""},"categories":[1151],"tags":[1066],"class_list":["post-767453","post","type-post","status-publish","format-standard","has-post-thumbnail","hentry","category-kulturen","tag-hungary"],"blocksy_meta":[],"acf":[],"author_username":"becsi","telegram_post":"","public_post_metadata":{"breaking_news":"","important":"","csempe":"","center_tile":"","disable_thumbnail":"","target_lang":"","_featured_image_style":"","telegram_post":"","_xlat_group_id":""},"public_rank_math_data":{"title":"%title% %sep% %sitename%","description":"","focus_keyword":"","canonical_url":"","robots":"","primary_category":"1151","breadcrumb_title":"","facebook_title":"","facebook_description":"","facebook_image":"","facebook_image_id":"","twitter_title":"","twitter_description":"","twitter_image":"","twitter_image_id":"","twitter_card_type":"","twitter_use_facebook":"","advanced_robots":"","pillar_content":"","seo_score":"","contentai_score":"","rich_snippet":""},"_links":{"self":[{"href":"https:\/\/dailynewshungary.com\/de\/wp-json\/wp\/v2\/posts\/767453","targetHints":{"allow":["GET"]}}],"collection":[{"href":"https:\/\/dailynewshungary.com\/de\/wp-json\/wp\/v2\/posts"}],"about":[{"href":"https:\/\/dailynewshungary.com\/de\/wp-json\/wp\/v2\/types\/post"}],"author":[{"embeddable":true,"href":"https:\/\/dailynewshungary.com\/de\/wp-json\/wp\/v2\/users\/3"}],"replies":[{"embeddable":true,"href":"https:\/\/dailynewshungary.com\/de\/wp-json\/wp\/v2\/comments?post=767453"}],"version-history":[{"count":0,"href":"https:\/\/dailynewshungary.com\/de\/wp-json\/wp\/v2\/posts\/767453\/revisions"}],"wp:featuredmedia":[{"embeddable":true,"href":"https:\/\/dailynewshungary.com\/de\/wp-json\/wp\/v2\/media\/767454"}],"wp:attachment":[{"href":"https:\/\/dailynewshungary.com\/de\/wp-json\/wp\/v2\/media?parent=767453"}],"wp:term":[{"taxonomy":"category","embeddable":true,"href":"https:\/\/dailynewshungary.com\/de\/wp-json\/wp\/v2\/categories?post=767453"},{"taxonomy":"post_tag","embeddable":true,"href":"https:\/\/dailynewshungary.com\/de\/wp-json\/wp\/v2\/tags?post=767453"}],"curies":[{"name":"wp","href":"https:\/\/api.w.org\/{rel}","templated":true}]}}