{"id":767465,"date":"2015-06-12T21:12:05","date_gmt":"2015-06-12T19:12:05","guid":{"rendered":"https:\/\/dailynewshungary.com\/de\/kabinettschef-ungarn-nimmt-eine-unverhaltnismasige-belastung-durch-migranten-auf-sich\/"},"modified":"2015-06-12T21:12:05","modified_gmt":"2015-06-12T19:12:05","slug":"kabinettschef-ungarn-nimmt-eine-unverhaltnismasige-belastung-durch-migranten-auf-sich","status":"publish","type":"post","link":"https:\/\/dailynewshungary.com\/de\/kabinettschef-ungarn-nimmt-eine-unverhaltnismasige-belastung-durch-migranten-auf-sich\/","title":{"rendered":"Kabinettschef: Ungarn nimmt eine unverh\u00e4ltnism\u00e4\u00dfige Belastung durch Migranten auf sich"},"content":{"rendered":"<p><strong>Bei seiner regelm\u00e4\u00dfigen Pressekonferenz am Donnerstag sprach Kabinettschef Janos Lazar \u00fcber die brennenden Migrationsprobleme, die in den letzten Wochen im Mittelpunkt des \u00f6ffentlichen Diskurses Ungarns standen. Laut Lazar kann Ungarn einen so gro\u00dfen Zustrom von Einwanderern nicht ertragen, und deshalb hat die Regierung eine nationale Konsultation und Gesetzes\u00e4nderungen eingeleitet, berichtete hirado.hu.<\/strong><\/p>\n<p>Abgesehen von seiner privaten Meinung deuten die Daten der Europ\u00e4ischen Kommission auch darauf hin, dass Ungarn eine unverh\u00e4ltnism\u00e4\u00dfige Belastung durch Migranten auf sich nimmt, sagte der Chef des Regierungsb\u00fcros am Donnerstag auf einer Pressekonferenz.<\/p>\n<p>Die Europ\u00e4ische Union betrachte die Situation in Ungarn als eine der kritischsten und vergleiche sie sogar mit anderen europ\u00e4ischen L\u00e4ndern wie Deutschland, Italien, Frankreich und Spanien, sagte er.<\/p>\n<p>Lazar erkl\u00e4rte, dass die oberste Priorit\u00e4t der Regierung darin bestehe, dem Europarat klarzumachen, dass Ungarn den aktuellen Zustrom von Einwanderern nicht ertragen k\u00f6nne, und dass die Regierung aus diesem Grund eine nationale Konsultation und Gesetzes\u00e4nderungen eingeleitet habe, und f\u00fcgte hinzu, dass Fakten zur Kenntnis gebracht werden sollten Aufmerksamkeit auf eine bevorstehende Sitzung des Europarats.<\/p>\n<p>Der Kabinettschef stellte au\u00dferdem fest, dass \u00d6sterreich und Deutschland im Begriff seien, rund 15.000 Einwanderer zur\u00fcckzuschicken, w\u00e4hrend Ungarn nur \u00fcber wenige tausend Pl\u00e4tze f\u00fcr die Aufnahme von Fl\u00fcchtlingen verf\u00fcge.<\/p>\n<p>Er erkl\u00e4rte, dass Ungarn in den vergangenen f\u00fcnfundzwanzig Jahren jedem Asylkonsens nachgekommen sei, und es sei ein beiderseitiges Interesse aller EU-Mitgliedstaaten, den Missbrauch des Fl\u00fcchtlingsstatus zu vermeiden Bezugnehmend auf eine geplante Kampagne der Vereinten Nationen zu Fl\u00fcchtlingen wies er darauf hin, dass das Problem nicht bei den politischen Fl\u00fcchtlingen, sondern bei denen liege, die illegal Grenzen \u00fcberschreiten.<\/p>\n<p><em>Basierend auf dem Artikel von hirado.hu<\/em><br \/>\n<em>\u00dcbersetzung von G\u00e1bor Hajnal<\/em><\/p>\n","protected":false},"excerpt":{"rendered":"<p>Bei seiner regelm\u00e4\u00dfigen Pressekonferenz am Donnerstag sprach Kabinettschef Janos Lazar \u00fcber die brennenden Migrationsprobleme, die in den letzten Wochen im Mittelpunkt des \u00f6ffentlichen Diskurses Ungarns standen. Laut Lazar kann Ungarn einen so gro\u00dfen Zustrom von Einwanderern nicht ertragen, und deshalb hat die Regierung eine nationale Konsultation und Gesetzes\u00e4nderungen eingeleitet, berichtete hirado.hu. Abgesehen von seiner privaten [&hellip;]<\/p>\n","protected":false},"author":2,"featured_media":767466,"comment_status":"open","ping_status":"open","sticky":false,"template":"","format":"standard","meta":{"_acf_changed":false,"_display_image":"","footnotes":""},"categories":[1081],"tags":[1445],"class_list":["post-767465","post","type-post","status-publish","format-standard","has-post-thumbnail","hentry","category-politik","tag-migration"],"blocksy_meta":[],"acf":[],"author_username":"alk","telegram_post":"","public_post_metadata":{"breaking_news":"","important":"","csempe":"","center_tile":"","disable_thumbnail":"","target_lang":"","_featured_image_style":"","telegram_post":"","_xlat_group_id":""},"public_rank_math_data":{"title":"%title% %sep% %sitename%","description":"","focus_keyword":"","canonical_url":"","robots":"","primary_category":"1081","breadcrumb_title":"","facebook_title":"","facebook_description":"","facebook_image":"","facebook_image_id":"","twitter_title":"","twitter_description":"","twitter_image":"","twitter_image_id":"","twitter_card_type":"","twitter_use_facebook":"","advanced_robots":"","pillar_content":"","seo_score":"","contentai_score":"","rich_snippet":""},"_links":{"self":[{"href":"https:\/\/dailynewshungary.com\/de\/wp-json\/wp\/v2\/posts\/767465","targetHints":{"allow":["GET"]}}],"collection":[{"href":"https:\/\/dailynewshungary.com\/de\/wp-json\/wp\/v2\/posts"}],"about":[{"href":"https:\/\/dailynewshungary.com\/de\/wp-json\/wp\/v2\/types\/post"}],"author":[{"embeddable":true,"href":"https:\/\/dailynewshungary.com\/de\/wp-json\/wp\/v2\/users\/2"}],"replies":[{"embeddable":true,"href":"https:\/\/dailynewshungary.com\/de\/wp-json\/wp\/v2\/comments?post=767465"}],"version-history":[{"count":0,"href":"https:\/\/dailynewshungary.com\/de\/wp-json\/wp\/v2\/posts\/767465\/revisions"}],"wp:featuredmedia":[{"embeddable":true,"href":"https:\/\/dailynewshungary.com\/de\/wp-json\/wp\/v2\/media\/767466"}],"wp:attachment":[{"href":"https:\/\/dailynewshungary.com\/de\/wp-json\/wp\/v2\/media?parent=767465"}],"wp:term":[{"taxonomy":"category","embeddable":true,"href":"https:\/\/dailynewshungary.com\/de\/wp-json\/wp\/v2\/categories?post=767465"},{"taxonomy":"post_tag","embeddable":true,"href":"https:\/\/dailynewshungary.com\/de\/wp-json\/wp\/v2\/tags?post=767465"}],"curies":[{"name":"wp","href":"https:\/\/api.w.org\/{rel}","templated":true}]}}