{"id":767473,"date":"2015-06-12T17:00:51","date_gmt":"2015-06-12T15:00:51","guid":{"rendered":"https:\/\/dailynewshungary.com\/de\/premierminister-orban-die-regierung-wird-nachste-woche-uber-einwanderungsschritte-entscheiden\/"},"modified":"2015-06-12T17:00:51","modified_gmt":"2015-06-12T15:00:51","slug":"premierminister-orban-die-regierung-wird-nachste-woche-uber-einwanderungsschritte-entscheiden","status":"publish","type":"post","link":"https:\/\/dailynewshungary.com\/de\/premierminister-orban-die-regierung-wird-nachste-woche-uber-einwanderungsschritte-entscheiden\/","title":{"rendered":"Premierminister Orban: Die Regierung wird n\u00e4chste Woche \u00fcber Einwanderungsschritte entscheiden"},"content":{"rendered":"<p><strong>Budapest, 12. Juni (MTI) \u2013 Die Regierung ist bereit, eine Entscheidung \u00fcber Schritte zur Migration zu treffen, nachdem sie am kommenden Mittwoch Vorschl\u00e4ge des Innenministers geh\u00f6rt hat, sagte Premierminister Viktor Orban.<\/strong><\/p>\n<p>Alle Vorschl\u00e4ge liegen auf dem Tisch, einschlie\u00dflich der Option einer vollst\u00e4ndigen physischen Grenzschlie\u00dfung, sagte Orban am Freitag gegen\u00fcber dem \u00f6ffentlichen Radio.<\/p>\n<p>F\u00fcr Anfang Juli sei eine serbisch-ungarische Kabinettssitzung geplant, bei der alle damit zusammenh\u00e4ngenden Fragen besprochen w\u00fcrden, f\u00fcgte er hinzu.<\/p>\n<blockquote>\n<p>\u201cEs ist nicht richtig, dass sie die Fl\u00fcchtlinge her\u00fcberschicken; sie sollten gestoppt werden, w\u00e4hrend sie sich noch auf serbischem Territorium befinden\u201d, sagte er in einem Interview.<\/p>\n<\/blockquote>\n<p>Aufnahmezentren sollten auf Kosten der Europ\u00e4ischen Union eingerichtet werden, aber au\u00dferhalb der EU-Grenzen und den Mitgliedstaaten sollte es gestattet sein, zu entscheiden, ob sie Teilnehmer aufnehmen, betonte er. Er sagte, Schengen-Grenzen seien \u201cwertvoll\u201d, die \u201cnoch\u201d nicht ber\u00fchrt werden sollten, sondern die Au\u00dfengrenzen sollten gest\u00e4rkt werden.<\/p>\n<p>Er sagte, es sei \u201cabsurd\u201d, dass Griechenland, aus dem ein gro\u00dfer Teil der Migranten stammt, in der EU nicht als sicheres Land eingestuft wirdDie Visegrad-Gruppierung der Tschechischen Republik, Ungarns, Polens und der Slowakei ist sich einig, dass das Problem an den griechischen Grenzen behandelt werden sollte.<\/p>\n<p>Die Plakatkampagne der Regierung zur Einwanderung zielt auf Menschenh\u00e4ndler und \u201cWirtschaftsmigranten\u201d ab und vermittelt ihnen die Botschaft, dass sie sich von Ungarn fernhalten sollten, sagte Orban dem Kossuth-Radio.<\/p>\n<blockquote>\n<p>\u201cWir sind nicht in der Lage, Einwanderern Arbeitspl\u00e4tze zu geben\u201d, sagte er.<\/p>\n<\/blockquote>\n<p>Die meisten Menschen sind sich einig, dass Einwanderung gef\u00e4hrlich ist, aber die politischen Kr\u00e4fte, die \u201cunrealistische\u201d Theorien vertreten, sind lauter, sagte er und f\u00fcgte hinzu, dass die (Anti-Billboard) Handlungen liberaler Intellektueller nur die Stimmen einer lauten, aber kleinen Minderheit sind, die v\u00f6llig \u201cnicht im Einklang mit Erfahrungen im wirklichen Leben\u201d seien, sagte erSie haben ein Recht auf ihre Meinung, aber sie m\u00fcssen die Gesetze beachten, sagte er.<\/p>\n<p>Die Botschaften der Plakatw\u00e4nde k\u00f6nnten \u201cmild\u201d genannt werden, sagte er und f\u00fcgte hinzu, dass sie sich darauf konzentrieren, Ungarn als offenes und freundliches Land darzustellen \u201cSie sagen nicht, dass man nicht hierher kommen kann, sondern nur, dass alle, die es tun, die Gesetze befolgen m\u00fcssen\u201d, sagte Orban.<\/p>\n<p>Er sagte, das Bestreben der EG, einen Vorschlag zur Einwanderung durchzusetzen, der gegen die Position der Staatsoberh\u00e4upter der Mitgliedstaaten sei, sei ein \u201crespektloser Trick\u201d. Die Idee des Quotensystems sei auf so gro\u00dfen Unmut gesto\u00dfen, dass inzwischen andere Vorschl\u00e4ge zur Sprache gebracht worden seien, sagte er.<\/p>\n<p>Ungarns Streit mit Br\u00fcssel \u00fcber einen Auftrag der Europ\u00e4ischen Union an Altus, ein Unternehmen im Besitz von Ferenc Gyurcsany, dem ehemaligen Premierminister, \u201cbeginne gerade\u201d, sagte Orban \u201cAus dem Fall, den er \u201csymbolische Angelegenheit\u201d und \u201ceurop\u00e4ische Angelegenheit\u201d nannte, werden ernsthafte Lehren gezogen\u201d.<\/p>\n<p>Er sagte, die Frage, dass EU-Haushaltsgelder auf die politische B\u00fchne Ungarns geleitet w\u00fcrden, sei \u201ctief fremd\u201d gegen\u00fcber den EU-Grunds\u00e4tzen.<\/p>\n<p>Altus hatte zuvor den Auftrag zur Bewertung EU-finanzierter Entwicklungsprojekte in den Jahren 2014-2020 erhalten.<\/p>\n<p><em>Foto: MTI<\/em><\/p>\n","protected":false},"excerpt":{"rendered":"<p>Budapest, 12. Juni (MTI) \u2013 Die Regierung ist bereit, eine Entscheidung \u00fcber Schritte zur Migration zu treffen, nachdem sie am kommenden Mittwoch Vorschl\u00e4ge des Innenministers geh\u00f6rt hat, sagte Premierminister Viktor Orban. Alle Vorschl\u00e4ge liegen auf dem Tisch, einschlie\u00dflich der Option einer vollst\u00e4ndigen physischen Grenzschlie\u00dfung, sagte Orban am Freitag gegen\u00fcber dem \u00f6ffentlichen Radio. F\u00fcr Anfang Juli [&hellip;]<\/p>\n","protected":false},"author":2,"featured_media":767474,"comment_status":"open","ping_status":"open","sticky":false,"template":"","format":"standard","meta":{"_acf_changed":false,"_display_image":"","footnotes":""},"categories":[1081],"tags":[1445,1128],"class_list":["post-767473","post","type-post","status-publish","format-standard","has-post-thumbnail","hentry","category-politik","tag-migration","tag-viktor-orban"],"blocksy_meta":[],"acf":[],"author_username":"alk","telegram_post":"","public_post_metadata":{"breaking_news":"","important":"","csempe":"","center_tile":"","disable_thumbnail":"","target_lang":"","_featured_image_style":"","telegram_post":"","_xlat_group_id":""},"public_rank_math_data":{"title":"%title% %sep% %sitename%","description":"","focus_keyword":"","canonical_url":"","robots":"","primary_category":"1081","breadcrumb_title":"","facebook_title":"","facebook_description":"","facebook_image":"","facebook_image_id":"","twitter_title":"","twitter_description":"","twitter_image":"","twitter_image_id":"","twitter_card_type":"","twitter_use_facebook":"","advanced_robots":"","pillar_content":"","seo_score":"","contentai_score":"","rich_snippet":""},"_links":{"self":[{"href":"https:\/\/dailynewshungary.com\/de\/wp-json\/wp\/v2\/posts\/767473","targetHints":{"allow":["GET"]}}],"collection":[{"href":"https:\/\/dailynewshungary.com\/de\/wp-json\/wp\/v2\/posts"}],"about":[{"href":"https:\/\/dailynewshungary.com\/de\/wp-json\/wp\/v2\/types\/post"}],"author":[{"embeddable":true,"href":"https:\/\/dailynewshungary.com\/de\/wp-json\/wp\/v2\/users\/2"}],"replies":[{"embeddable":true,"href":"https:\/\/dailynewshungary.com\/de\/wp-json\/wp\/v2\/comments?post=767473"}],"version-history":[{"count":0,"href":"https:\/\/dailynewshungary.com\/de\/wp-json\/wp\/v2\/posts\/767473\/revisions"}],"wp:featuredmedia":[{"embeddable":true,"href":"https:\/\/dailynewshungary.com\/de\/wp-json\/wp\/v2\/media\/767474"}],"wp:attachment":[{"href":"https:\/\/dailynewshungary.com\/de\/wp-json\/wp\/v2\/media?parent=767473"}],"wp:term":[{"taxonomy":"category","embeddable":true,"href":"https:\/\/dailynewshungary.com\/de\/wp-json\/wp\/v2\/categories?post=767473"},{"taxonomy":"post_tag","embeddable":true,"href":"https:\/\/dailynewshungary.com\/de\/wp-json\/wp\/v2\/tags?post=767473"}],"curies":[{"name":"wp","href":"https:\/\/api.w.org\/{rel}","templated":true}]}}