{"id":767635,"date":"2015-06-05T12:00:59","date_gmt":"2015-06-05T10:00:59","guid":{"rendered":"https:\/\/dailynewshungary.com\/de\/erstsemester-lagervergewaltiger-zu-7einhalb-jahren-haft-verurteilt\/"},"modified":"2015-06-05T12:00:59","modified_gmt":"2015-06-05T10:00:59","slug":"erstsemester-lagervergewaltiger-zu-7einhalb-jahren-haft-verurteilt","status":"publish","type":"post","link":"https:\/\/dailynewshungary.com\/de\/erstsemester-lagervergewaltiger-zu-7einhalb-jahren-haft-verurteilt\/","title":{"rendered":"Erstsemester-Lagervergewaltiger zu 7einhalb Jahren Haft verurteilt"},"content":{"rendered":"<p><strong>Der 39-j\u00e4hrige Fotograf wurde zu 7 und halben Jahren Gef\u00e4ngnis verurteilt, der im vergangenen August im Erstsemesterlager der ELTE in Fonyodliget ein M\u00e4dchen gew\u00fcrgt, geschlagen und vergewaltigt hatSzilard K. Sandor erhielt fast die H\u00f6chststrafe, die verh\u00e4ngt werden kannDas Urteil ist nicht rechtskr\u00e4ftig, der Staatsanwalt legte Berufung ein auf schwere, der Angeklagte auf weniger schwere Strafe, hvg.hu sagte.<\/strong><\/p>\n<p>Das Bezirksgericht Fonyod verurteilte Szilard K. Sandor zu 7 Jahren und 6 Monaten Gef\u00e4ngnis, der ein M\u00e4dchen im Erstsemesterlager von ELTE TOK vergewaltigte. Den Angeklagten wurde acht Jahre lang die \u00d6ffentlichkeit verwehrt.<\/p>\n<p>Der Mann wurde Mitte der 90er Jahre verurteilt und acht Jahre sp\u00e4ter begann ein Verfahren gegen ihn wegen K\u00f6rperverletzung gegen den Anstand.<\/p>\n<p>Das Gericht habe den Prozess mit verschlossenen T\u00fcren gef\u00fchrt, \u201cum das Opfer zu schonen\u201d, und der Angeklagte sei bei der Anh\u00f6rung des Opfers nicht anwesend gewesenVor zwei Tagen nach der Entscheidung vom Mittwoch seien 9 Zeugen und ein forensischer Sachverst\u00e4ndiger vom Gericht angeh\u00f6rt worden, sagte hvg.hu.<\/p>\n<p>Gabor Toth M., der Anwalt des Opfers, sagte, das Gericht habe eine kluge Entscheidung getroffen, da es fast das Maximum der Strafe verh\u00e4ngt habe.<\/p>\n<p>Nach dem Vorfall in Fonyodliget ist auch ein weiterer \u00e4hnlicher Fall aufgedeckt worden In dem im vergangenen Oktober ver\u00f6ffentlichten Artikel von Index sprach ein Studentinnen \u00fcber die Vergewaltigung gegen sie, die 2013 im Erstsemesterlager der Rechtswissenschaftlichen Fakult\u00e4t der ELTE begangen wurde.<\/p>\n<p><em>basierend auf dem Artikel von hvg.hu<br \/>\n\u00dcbersetzt von B.A<\/em><\/p>\n<p><em>Foto: MTI<\/em><\/p>\n","protected":false},"excerpt":{"rendered":"<p>Der 39-j\u00e4hrige Fotograf wurde zu 7 und halben Jahren Gef\u00e4ngnis verurteilt, der im vergangenen August im Erstsemesterlager der ELTE in Fonyodliget ein M\u00e4dchen gew\u00fcrgt, geschlagen und vergewaltigt hatSzilard K. Sandor erhielt fast die H\u00f6chststrafe, die verh\u00e4ngt werden kannDas Urteil ist nicht rechtskr\u00e4ftig, der Staatsanwalt legte Berufung ein auf schwere, der Angeklagte auf weniger schwere Strafe, [&hellip;]<\/p>\n","protected":false},"author":3,"featured_media":767636,"comment_status":"open","ping_status":"open","sticky":false,"template":"","format":"standard","meta":{"_acf_changed":false,"_display_image":"","footnotes":""},"categories":[1098],"tags":[1066],"class_list":["post-767635","post","type-post","status-publish","format-standard","has-post-thumbnail","hentry","category-gesellschaft","tag-hungary"],"blocksy_meta":[],"acf":[],"author_username":"becsi","telegram_post":"","public_post_metadata":{"breaking_news":"","important":"","csempe":"","center_tile":"","disable_thumbnail":"","target_lang":"","_featured_image_style":"","telegram_post":"","_xlat_group_id":""},"public_rank_math_data":{"title":"%title% %sep% %sitename%","description":"","focus_keyword":"","canonical_url":"","robots":"","primary_category":"1098","breadcrumb_title":"","facebook_title":"","facebook_description":"","facebook_image":"","facebook_image_id":"","twitter_title":"","twitter_description":"","twitter_image":"","twitter_image_id":"","twitter_card_type":"","twitter_use_facebook":"","advanced_robots":"","pillar_content":"","seo_score":"","contentai_score":"","rich_snippet":""},"_links":{"self":[{"href":"https:\/\/dailynewshungary.com\/de\/wp-json\/wp\/v2\/posts\/767635","targetHints":{"allow":["GET"]}}],"collection":[{"href":"https:\/\/dailynewshungary.com\/de\/wp-json\/wp\/v2\/posts"}],"about":[{"href":"https:\/\/dailynewshungary.com\/de\/wp-json\/wp\/v2\/types\/post"}],"author":[{"embeddable":true,"href":"https:\/\/dailynewshungary.com\/de\/wp-json\/wp\/v2\/users\/3"}],"replies":[{"embeddable":true,"href":"https:\/\/dailynewshungary.com\/de\/wp-json\/wp\/v2\/comments?post=767635"}],"version-history":[{"count":0,"href":"https:\/\/dailynewshungary.com\/de\/wp-json\/wp\/v2\/posts\/767635\/revisions"}],"wp:featuredmedia":[{"embeddable":true,"href":"https:\/\/dailynewshungary.com\/de\/wp-json\/wp\/v2\/media\/767636"}],"wp:attachment":[{"href":"https:\/\/dailynewshungary.com\/de\/wp-json\/wp\/v2\/media?parent=767635"}],"wp:term":[{"taxonomy":"category","embeddable":true,"href":"https:\/\/dailynewshungary.com\/de\/wp-json\/wp\/v2\/categories?post=767635"},{"taxonomy":"post_tag","embeddable":true,"href":"https:\/\/dailynewshungary.com\/de\/wp-json\/wp\/v2\/tags?post=767635"}],"curies":[{"name":"wp","href":"https:\/\/api.w.org\/{rel}","templated":true}]}}