{"id":767689,"date":"2015-06-02T22:38:42","date_gmt":"2015-06-02T20:38:42","guid":{"rendered":"https:\/\/dailynewshungary.com\/de\/einwanderer-durfen-die-chancen-ungarischer-arbeitssuchender-nicht-gefahrden-so-spoes\/"},"modified":"2015-06-02T22:38:42","modified_gmt":"2015-06-02T20:38:42","slug":"einwanderer-durfen-die-chancen-ungarischer-arbeitssuchender-nicht-gefahrden-so-spoes","status":"publish","type":"post","link":"https:\/\/dailynewshungary.com\/de\/einwanderer-durfen-die-chancen-ungarischer-arbeitssuchender-nicht-gefahrden-so-spoes\/","title":{"rendered":"Einwanderer d\u00fcrfen die Chancen ungarischer Arbeitssuchender nicht gef\u00e4hrden, so Spoes"},"content":{"rendered":"<p><strong>Budapest, 2. Juni (MTI) \u201eVon Einwanderern, die in Ungarn ankommen, wird erwartet, dass sie die \u00f6rtlichen Regeln einhalten und die lokale Kultur respektieren, und sie \u201ek\u00f6nnen\u201d die Arbeitspl\u00e4tze der Einheimischen nicht gef\u00e4hrden, sagte Zoltan Kovacs, der Regierungssprecher, am Dienstag gegen\u00fcber MTI.<\/strong><\/p>\n<p>\u201cDies ist eine Erkl\u00e4rung und Botschaft f\u00fcr diejenigen, die illegal nach Ungarn und in die Europ\u00e4ische Union einreisen wollen\u201d, sagte Kovacs.<\/p>\n<p>Am Dienstag zuvor ver\u00f6ffentlichte das Nachrichtenportal Index ein Foto eines Plakats, angeblich Teil einer geplanten Regierungskampagne, auf dem stand \u201cWenn man nach Ungarn kommt, kann man den Ungarn keine Jobs wegnehmen!\u201d.<\/p>\n<p>Die oppositionelle Egyutt-Partei hat gegen das Plakat protestiert und die Menschen aufgefordert, es nach dem Herausbringen zu entfernen.<\/p>\n","protected":false},"excerpt":{"rendered":"<p>Budapest, 2. Juni (MTI) \u201eVon Einwanderern, die in Ungarn ankommen, wird erwartet, dass sie die \u00f6rtlichen Regeln einhalten und die lokale Kultur respektieren, und sie \u201ek\u00f6nnen\u201d die Arbeitspl\u00e4tze der Einheimischen nicht gef\u00e4hrden, sagte Zoltan Kovacs, der Regierungssprecher, am Dienstag gegen\u00fcber MTI. \u201cDies ist eine Erkl\u00e4rung und Botschaft f\u00fcr diejenigen, die illegal nach Ungarn und in [&hellip;]<\/p>\n","protected":false},"author":2,"featured_media":767690,"comment_status":"open","ping_status":"open","sticky":false,"template":"","format":"standard","meta":{"_acf_changed":false,"_display_image":"","footnotes":""},"categories":[1081],"tags":[1445],"class_list":["post-767689","post","type-post","status-publish","format-standard","has-post-thumbnail","hentry","category-politik","tag-migration"],"blocksy_meta":[],"acf":[],"author_username":"alk","telegram_post":"","public_post_metadata":{"breaking_news":"","important":"","csempe":"","center_tile":"","disable_thumbnail":"","target_lang":"","_featured_image_style":"","telegram_post":"","_xlat_group_id":""},"public_rank_math_data":{"title":"%title% %sep% %sitename%","description":"","focus_keyword":"","canonical_url":"","robots":"","primary_category":"1081","breadcrumb_title":"","facebook_title":"","facebook_description":"","facebook_image":"","facebook_image_id":"","twitter_title":"","twitter_description":"","twitter_image":"","twitter_image_id":"","twitter_card_type":"","twitter_use_facebook":"","advanced_robots":"","pillar_content":"","seo_score":"","contentai_score":"","rich_snippet":""},"_links":{"self":[{"href":"https:\/\/dailynewshungary.com\/de\/wp-json\/wp\/v2\/posts\/767689","targetHints":{"allow":["GET"]}}],"collection":[{"href":"https:\/\/dailynewshungary.com\/de\/wp-json\/wp\/v2\/posts"}],"about":[{"href":"https:\/\/dailynewshungary.com\/de\/wp-json\/wp\/v2\/types\/post"}],"author":[{"embeddable":true,"href":"https:\/\/dailynewshungary.com\/de\/wp-json\/wp\/v2\/users\/2"}],"replies":[{"embeddable":true,"href":"https:\/\/dailynewshungary.com\/de\/wp-json\/wp\/v2\/comments?post=767689"}],"version-history":[{"count":0,"href":"https:\/\/dailynewshungary.com\/de\/wp-json\/wp\/v2\/posts\/767689\/revisions"}],"wp:featuredmedia":[{"embeddable":true,"href":"https:\/\/dailynewshungary.com\/de\/wp-json\/wp\/v2\/media\/767690"}],"wp:attachment":[{"href":"https:\/\/dailynewshungary.com\/de\/wp-json\/wp\/v2\/media?parent=767689"}],"wp:term":[{"taxonomy":"category","embeddable":true,"href":"https:\/\/dailynewshungary.com\/de\/wp-json\/wp\/v2\/categories?post=767689"},{"taxonomy":"post_tag","embeddable":true,"href":"https:\/\/dailynewshungary.com\/de\/wp-json\/wp\/v2\/tags?post=767689"}],"curies":[{"name":"wp","href":"https:\/\/api.w.org\/{rel}","templated":true}]}}