{"id":767703,"date":"2015-06-02T13:30:49","date_gmt":"2015-06-02T11:30:49","guid":{"rendered":"https:\/\/dailynewshungary.com\/de\/drei-ungarische-gemeinden-kandidieren-fur-den-titel-der-finno-ugrischen-kulturhauptstadt\/"},"modified":"2015-06-02T13:30:49","modified_gmt":"2015-06-02T11:30:49","slug":"drei-ungarische-gemeinden-kandidieren-fur-den-titel-der-finno-ugrischen-kulturhauptstadt","status":"publish","type":"post","link":"https:\/\/dailynewshungary.com\/de\/drei-ungarische-gemeinden-kandidieren-fur-den-titel-der-finno-ugrischen-kulturhauptstadt\/","title":{"rendered":"Drei ungarische Gemeinden kandidieren f\u00fcr den Titel der finno-ugrischen Kulturhauptstadt"},"content":{"rendered":"<p><strong>Budapest (MTI) \u2013 Drei ungarische Gemeinden, n\u00e4mlich Veszprem, Iszkaszentgyorgy (Zentralungarn) und Nagykallo (Ostungarn), haben 2016 Angebote f\u00fcr den Titel der finno-ugrischen Kulturhauptstadt eingereicht, sagte ein Vertreter der finno-ugrischen Kulturhauptstadt B\u00fcro sagte MTI am Montag.<\/strong><\/p>\n<p>Die Initiative des Jugendverbandes der Finno-Ugrischen V\u00f6lker (MAFUN) zielt darauf ab, die nationale Identit\u00e4t der finno-ugrischen Nationen Estland, Finnland und Ungarn sowie der in Russland lebenden ethnischen finno-ugrischen Gemeinschaften zu st\u00e4rken.<\/p>\n<p>Peter Aranyi sagte, es sei das zweite Mal, dass Veszprem seinen Antrag eingereicht habe, w\u00e4hrend die Stadt Nagykallo (auf dem Bild) und das Dorf Iszkaszentgyorgy Neuank\u00f6mmlinge seien. Aranyi sagte, alle drei Antr\u00e4ge erf\u00fcllten die formalen Anforderungen.<\/p>\n<p>Angesichts der Tatsache, dass die Kulturhauptstadt des letzten Jahres ein s\u00fcdostestnisches Dorf war, k\u00f6nnen sich St\u00e4dte oder Gemeinden im Baltikum in diesem Jahr nicht bewerben Bewerbungen k\u00f6nnen von St\u00e4dten und D\u00f6rfern im Norden Russlands, Gemeinden entlang der Wolga und ungarischsprachigen St\u00e4dten und D\u00f6rfern des Karpatenbeckens eingereicht werden.<\/p>\n<p>Aranyi sagte, es bestehe eine gute Chance, dass ein ungarischer Ort zum Gewinner gek\u00fcrt werde, da bei der Bewertung der zwischen 2014 und 2017 eingereichten Antr\u00e4ge auch die geografische Rotation ber\u00fccksichtigt werde und die russischen Regionen wahrscheinlich keine Antr\u00e4ge einreichen w\u00fcrden.<\/p>\n<p><em>Foto:&nbsp;<span style=\"color: #0000ff;\"><a style=\"color: #0000ff;\" href=\"http:\/\/www.latogatokozpont-szabolcs.hu\/nagykallo\/\" target=\"_blank\" rel=\"noopener\">http:\/\/www.latogatokozpont-szabolcs.hu\/nagykallo\/<\/a><\/span><\/em><\/p>\n","protected":false},"excerpt":{"rendered":"<p>Budapest (MTI) \u2013 Drei ungarische Gemeinden, n\u00e4mlich Veszprem, Iszkaszentgyorgy (Zentralungarn) und Nagykallo (Ostungarn), haben 2016 Angebote f\u00fcr den Titel der finno-ugrischen Kulturhauptstadt eingereicht, sagte ein Vertreter der finno-ugrischen Kulturhauptstadt B\u00fcro sagte MTI am Montag. Die Initiative des Jugendverbandes der Finno-Ugrischen V\u00f6lker (MAFUN) zielt darauf ab, die nationale Identit\u00e4t der finno-ugrischen Nationen Estland, Finnland und Ungarn [&hellip;]<\/p>\n","protected":false},"author":2,"featured_media":767704,"comment_status":"open","ping_status":"open","sticky":false,"template":"","format":"standard","meta":{"_acf_changed":false,"_display_image":"","footnotes":""},"categories":[1151],"tags":[1125],"class_list":["post-767703","post","type-post","status-publish","format-standard","has-post-thumbnail","hentry","category-kulturen","tag-geschichte"],"blocksy_meta":[],"acf":[],"author_username":"alk","telegram_post":"","public_post_metadata":{"breaking_news":"","important":"","csempe":"","center_tile":"","disable_thumbnail":"","target_lang":"","_featured_image_style":"","telegram_post":"","_xlat_group_id":""},"public_rank_math_data":{"title":"%title% %sep% %sitename%","description":"","focus_keyword":"","canonical_url":"","robots":"","primary_category":"1151","breadcrumb_title":"","facebook_title":"","facebook_description":"","facebook_image":"","facebook_image_id":"","twitter_title":"","twitter_description":"","twitter_image":"","twitter_image_id":"","twitter_card_type":"","twitter_use_facebook":"","advanced_robots":"","pillar_content":"","seo_score":"","contentai_score":"","rich_snippet":""},"_links":{"self":[{"href":"https:\/\/dailynewshungary.com\/de\/wp-json\/wp\/v2\/posts\/767703","targetHints":{"allow":["GET"]}}],"collection":[{"href":"https:\/\/dailynewshungary.com\/de\/wp-json\/wp\/v2\/posts"}],"about":[{"href":"https:\/\/dailynewshungary.com\/de\/wp-json\/wp\/v2\/types\/post"}],"author":[{"embeddable":true,"href":"https:\/\/dailynewshungary.com\/de\/wp-json\/wp\/v2\/users\/2"}],"replies":[{"embeddable":true,"href":"https:\/\/dailynewshungary.com\/de\/wp-json\/wp\/v2\/comments?post=767703"}],"version-history":[{"count":0,"href":"https:\/\/dailynewshungary.com\/de\/wp-json\/wp\/v2\/posts\/767703\/revisions"}],"wp:featuredmedia":[{"embeddable":true,"href":"https:\/\/dailynewshungary.com\/de\/wp-json\/wp\/v2\/media\/767704"}],"wp:attachment":[{"href":"https:\/\/dailynewshungary.com\/de\/wp-json\/wp\/v2\/media?parent=767703"}],"wp:term":[{"taxonomy":"category","embeddable":true,"href":"https:\/\/dailynewshungary.com\/de\/wp-json\/wp\/v2\/categories?post=767703"},{"taxonomy":"post_tag","embeddable":true,"href":"https:\/\/dailynewshungary.com\/de\/wp-json\/wp\/v2\/tags?post=767703"}],"curies":[{"name":"wp","href":"https:\/\/api.w.org\/{rel}","templated":true}]}}