{"id":767781,"date":"2015-05-29T14:00:25","date_gmt":"2015-05-29T12:00:25","guid":{"rendered":"https:\/\/dailynewshungary.com\/de\/die-regierung-baut-neben-dem-palast-der-kunste-ein-neues-kongresszentrum\/"},"modified":"2015-05-29T14:00:25","modified_gmt":"2015-05-29T12:00:25","slug":"die-regierung-baut-neben-dem-palast-der-kunste-ein-neues-kongresszentrum","status":"publish","type":"post","link":"https:\/\/dailynewshungary.com\/de\/die-regierung-baut-neben-dem-palast-der-kunste-ein-neues-kongresszentrum\/","title":{"rendered":"Die Regierung baut neben dem Palast der K\u00fcnste ein neues Kongresszentrum"},"content":{"rendered":"<p>Zeitung Nepszabadsag wurde mitgeteilt, dass die Regierung 1,8 Mrd. HUF f\u00fcr die Vorbereitung des neuen Kongresszentrums in Budapest ausgibt Finta Studio gewann die Arbeiten an der Architektenausschreibung, Sie wird die vorbereitenden Aufgaben bis Ende des Jahres durchf\u00fchren.<\/p>\n<p>Das Geb\u00e4ude, das einen 4-5 Tausend-Personen-Gro\u00dfraum, 1200-1500-Personen-Abschnittsraum, 6-8 Tausend qm Ausstellungsfl\u00e4che und mehrere kleinere Tagungsr\u00e4ume haben wird, w\u00fcrde vom Staat gebaut, und der Staat wird auch das Eigentum haben Der Staat kaufte letztes Jahr die 13 qm gro\u00dfe Fl\u00e4che, die als Parkplatz genutzt wurde und neben dem Palast der K\u00fcnste liegt, von der Trigranit-Gruppe.<\/p>\n<p>Die Ausschreibung des Auftragnehmers werde nach dem Besitz der Genehmigungen und der notwendigen Mittel ver\u00f6ffentlicht, sagte Balazs Furjes, Ministerialkommissar, zust\u00e4ndig f\u00fcr Budapester Investitionen, der ZeitungNach Angaben der Nepszabadsag wurden die Kosten in einer Studie von 2013 auf 20-25 Mrd. HUF gesch\u00e4tzt, in 8-10 Jahren k\u00f6nnen sie zur\u00fcckkommen.<\/p>\n<p><em>Basierend auf dem Artikel von index.hu<br \/>\n\u00dcbersetzt von B.A<\/em><\/p>\n<p><em>Foto: http:\/\/www.bcc.hu\/<\/em><\/p>\n","protected":false},"excerpt":{"rendered":"<p>Zeitung Nepszabadsag wurde mitgeteilt, dass die Regierung 1,8 Mrd. HUF f\u00fcr die Vorbereitung des neuen Kongresszentrums in Budapest ausgibt Finta Studio gewann die Arbeiten an der Architektenausschreibung, Sie wird die vorbereitenden Aufgaben bis Ende des Jahres durchf\u00fchren. Das Geb\u00e4ude, das einen 4-5 Tausend-Personen-Gro\u00dfraum, 1200-1500-Personen-Abschnittsraum, 6-8 Tausend qm Ausstellungsfl\u00e4che und mehrere kleinere Tagungsr\u00e4ume haben wird, w\u00fcrde [&hellip;]<\/p>\n","protected":false},"author":3,"featured_media":767782,"comment_status":"open","ping_status":"open","sticky":false,"template":"","format":"standard","meta":{"_acf_changed":false,"_display_image":"","footnotes":""},"categories":[1281],"tags":[1066],"class_list":["post-767781","post","type-post","status-publish","format-standard","has-post-thumbnail","hentry","category-geschaft","tag-hungary"],"blocksy_meta":[],"acf":[],"author_username":"becsi","telegram_post":"","public_post_metadata":{"breaking_news":"","important":"","csempe":"","center_tile":"","disable_thumbnail":"","target_lang":"","_featured_image_style":"","telegram_post":"","_xlat_group_id":""},"public_rank_math_data":{"title":"%title% %sep% %sitename%","description":"","focus_keyword":"","canonical_url":"","robots":"","primary_category":"1281","breadcrumb_title":"","facebook_title":"","facebook_description":"","facebook_image":"","facebook_image_id":"","twitter_title":"","twitter_description":"","twitter_image":"","twitter_image_id":"","twitter_card_type":"","twitter_use_facebook":"","advanced_robots":"","pillar_content":"","seo_score":"","contentai_score":"","rich_snippet":""},"_links":{"self":[{"href":"https:\/\/dailynewshungary.com\/de\/wp-json\/wp\/v2\/posts\/767781","targetHints":{"allow":["GET"]}}],"collection":[{"href":"https:\/\/dailynewshungary.com\/de\/wp-json\/wp\/v2\/posts"}],"about":[{"href":"https:\/\/dailynewshungary.com\/de\/wp-json\/wp\/v2\/types\/post"}],"author":[{"embeddable":true,"href":"https:\/\/dailynewshungary.com\/de\/wp-json\/wp\/v2\/users\/3"}],"replies":[{"embeddable":true,"href":"https:\/\/dailynewshungary.com\/de\/wp-json\/wp\/v2\/comments?post=767781"}],"version-history":[{"count":0,"href":"https:\/\/dailynewshungary.com\/de\/wp-json\/wp\/v2\/posts\/767781\/revisions"}],"wp:featuredmedia":[{"embeddable":true,"href":"https:\/\/dailynewshungary.com\/de\/wp-json\/wp\/v2\/media\/767782"}],"wp:attachment":[{"href":"https:\/\/dailynewshungary.com\/de\/wp-json\/wp\/v2\/media?parent=767781"}],"wp:term":[{"taxonomy":"category","embeddable":true,"href":"https:\/\/dailynewshungary.com\/de\/wp-json\/wp\/v2\/categories?post=767781"},{"taxonomy":"post_tag","embeddable":true,"href":"https:\/\/dailynewshungary.com\/de\/wp-json\/wp\/v2\/tags?post=767781"}],"curies":[{"name":"wp","href":"https:\/\/api.w.org\/{rel}","templated":true}]}}