{"id":767783,"date":"2015-05-29T12:00:52","date_gmt":"2015-05-29T10:00:52","guid":{"rendered":"https:\/\/dailynewshungary.com\/de\/es-ist-zeit-sich-von-2-l-coca-cola-zu-verabschieden\/"},"modified":"2015-05-29T12:00:52","modified_gmt":"2015-05-29T10:00:52","slug":"es-ist-zeit-sich-von-2-l-coca-cola-zu-verabschieden","status":"publish","type":"post","link":"https:\/\/dailynewshungary.com\/de\/es-ist-zeit-sich-von-2-l-coca-cola-zu-verabschieden\/","title":{"rendered":"Es ist Zeit, sich von 2 L Coca-Cola zu verabschieden"},"content":{"rendered":"<p><strong>Gr\u00f6\u00dfe und Preis gro\u00dfer Coca-Cola-Flaschen in unseren Superm\u00e4rkten werden sich \u00e4ndern. \u201eDie ber\u00fchmte 2-Liter-Flasche wird aus den Regalen genommen und durch eine schlankere 1,75-Liter-Version ersetzt. Dar\u00fcber hinaus werden die 2,5-Liter-Flaschen bis zum Ende des Sommers durch die 2,25-Liter-Flaschen ersetzt sein, berichtete origo.hu.&nbsp;<\/strong><\/p>\n<p>Kata B\u00e1nyai, Vertriebs- und Marketingdirektorin von Coca-Cola Ungarn, teilte origo.hu mit, dass Coca-Cola im April die Flaschen der Gr\u00f6\u00dfe 1,75 eingef\u00fchrt habe, die die Flaschen der Gr\u00f6\u00dfe 2 Liter ersetzen w\u00fcrden, und f\u00fcgte hinzu, dass die \u00c4nderung auch andere Coca-Cola-Marken betreffe wie Fanta, Sprite und Kinley.<\/p>\n<p>Wenn Sie der Meinung sind, dass die Verkleinerung mit einem Preisverfall einhergeht, liegen Sie falsch, da das Unternehmen den Durchschnittspreis pro Liter seiner Produkte bereits um 2% erh\u00f6ht hat.<\/p>\n<p>Coca-Cola behauptete, der \u00c4nderung seien Untersuchungen vorausgegangen, die zeigten, dass die kleinere Gr\u00f6\u00dfe dem wachsenden Trend der Bequemlichkeit besser entsprecheDie Gr\u00f6\u00dfen\u00e4nderung sei eine Reaktion auf die Ver\u00e4nderung der Gewohnheiten der Kunden nicht nur in Ungarn, sondern auch in Gro\u00dfbritannien \u201cDie Einkaufsgewohnheiten entwickeln sich weiter, wobei kleine Korbl\u00e4den nun immer h\u00e4ufiger (insbesondere in kleineren Haushalten\u201d, sagte Coca-Cola Vice President f\u00fcr Vertrieb und Marketing Nick Canney.<\/p>\n<p><em>Basierend auf dem Artikel von origo.hu<\/em><br \/>\n<em>\u00dcbersetzung von G\u00e1bor Hajnal<\/em><\/p>\n","protected":false},"excerpt":{"rendered":"<p>Gr\u00f6\u00dfe und Preis gro\u00dfer Coca-Cola-Flaschen in unseren Superm\u00e4rkten werden sich \u00e4ndern. \u201eDie ber\u00fchmte 2-Liter-Flasche wird aus den Regalen genommen und durch eine schlankere 1,75-Liter-Version ersetzt. Dar\u00fcber hinaus werden die 2,5-Liter-Flaschen bis zum Ende des Sommers durch die 2,25-Liter-Flaschen ersetzt sein, berichtete origo.hu.&nbsp; Kata B\u00e1nyai, Vertriebs- und Marketingdirektorin von Coca-Cola Ungarn, teilte origo.hu mit, dass Coca-Cola [&hellip;]<\/p>\n","protected":false},"author":2,"featured_media":767784,"comment_status":"open","ping_status":"open","sticky":false,"template":"","format":"standard","meta":{"_acf_changed":false,"_display_image":"","footnotes":""},"categories":[1281],"tags":[1066],"class_list":["post-767783","post","type-post","status-publish","format-standard","has-post-thumbnail","hentry","category-geschaft","tag-hungary"],"blocksy_meta":[],"acf":[],"author_username":"alk","telegram_post":"","public_post_metadata":{"breaking_news":"","important":"","csempe":"","center_tile":"","disable_thumbnail":"","target_lang":"","_featured_image_style":"","telegram_post":"","_xlat_group_id":""},"public_rank_math_data":{"title":"%title% %sep% %sitename%","description":"","focus_keyword":"","canonical_url":"","robots":"","primary_category":"1281","breadcrumb_title":"","facebook_title":"","facebook_description":"","facebook_image":"","facebook_image_id":"","twitter_title":"","twitter_description":"","twitter_image":"","twitter_image_id":"","twitter_card_type":"","twitter_use_facebook":"","advanced_robots":"","pillar_content":"","seo_score":"","contentai_score":"","rich_snippet":""},"_links":{"self":[{"href":"https:\/\/dailynewshungary.com\/de\/wp-json\/wp\/v2\/posts\/767783","targetHints":{"allow":["GET"]}}],"collection":[{"href":"https:\/\/dailynewshungary.com\/de\/wp-json\/wp\/v2\/posts"}],"about":[{"href":"https:\/\/dailynewshungary.com\/de\/wp-json\/wp\/v2\/types\/post"}],"author":[{"embeddable":true,"href":"https:\/\/dailynewshungary.com\/de\/wp-json\/wp\/v2\/users\/2"}],"replies":[{"embeddable":true,"href":"https:\/\/dailynewshungary.com\/de\/wp-json\/wp\/v2\/comments?post=767783"}],"version-history":[{"count":0,"href":"https:\/\/dailynewshungary.com\/de\/wp-json\/wp\/v2\/posts\/767783\/revisions"}],"wp:featuredmedia":[{"embeddable":true,"href":"https:\/\/dailynewshungary.com\/de\/wp-json\/wp\/v2\/media\/767784"}],"wp:attachment":[{"href":"https:\/\/dailynewshungary.com\/de\/wp-json\/wp\/v2\/media?parent=767783"}],"wp:term":[{"taxonomy":"category","embeddable":true,"href":"https:\/\/dailynewshungary.com\/de\/wp-json\/wp\/v2\/categories?post=767783"},{"taxonomy":"post_tag","embeddable":true,"href":"https:\/\/dailynewshungary.com\/de\/wp-json\/wp\/v2\/tags?post=767783"}],"curies":[{"name":"wp","href":"https:\/\/api.w.org\/{rel}","templated":true}]}}