{"id":767805,"date":"2015-05-28T10:00:32","date_gmt":"2015-05-28T08:00:32","guid":{"rendered":"https:\/\/dailynewshungary.com\/de\/umfrage-die-meisten-ungarn-wurden-die-migration-auf-nationaler-ebene-bewaltigen\/"},"modified":"2015-05-28T10:00:32","modified_gmt":"2015-05-28T08:00:32","slug":"umfrage-die-meisten-ungarn-wurden-die-migration-auf-nationaler-ebene-bewaltigen","status":"publish","type":"post","link":"https:\/\/dailynewshungary.com\/de\/umfrage-die-meisten-ungarn-wurden-die-migration-auf-nationaler-ebene-bewaltigen\/","title":{"rendered":"UMFRAGE \u2013 Die meisten Ungarn w\u00fcrden die Migration auf nationaler Ebene bew\u00e4ltigen"},"content":{"rendered":"<p><strong>Budapest (MTI) \u2013 F\u00fcnfundsiebzig Prozent der Ungarn sind der Meinung, dass die Migration von den Mitgliedstaaten und nicht auf der Ebene der Europ\u00e4ischen Union angegangen werden sollte, so eine aktuelle Umfrage der Denkfabrik Szazadveg.<\/strong><\/p>\n<p>Ganze 83 Prozent der Befragten gaben an, von dem von der EU vorgeschlagenen System geh\u00f6rt zu haben, das eine Quote f\u00fcr die Zahl der Asylsuchenden vorsieht, die in jedem Mitgliedsstaat aufgenommen werden sollen, wie die am Mittwoch auf dem \u00f6ffentlichen Nachrichtensender M1 pr\u00e4sentierte Umfrage ergab.<\/p>\n<p>Dreiundsechzig Prozent von ihnen waren jedoch mit dem geplanten Quotensystem nicht einverstanden, 10 Prozent waren unsicher, w\u00e4hrend 27 Prozent es bef\u00fcrworteten, hei\u00dft es in der Umfrage.<\/p>\n<p>Szazadveg f\u00fchrte die Umfrage durch, indem er 1.000 Erwachsene telefonisch befragte.<\/p>\n<p>Am Mittwoch ver\u00f6ffentlichte die Europ\u00e4ische Kommission einen vor zwei Wochen ver\u00f6ffentlichten Vorschlag zur Umsiedlung und Neuansiedlung im Rahmen ihrer Migrationsagenda.<\/p>\n<p>Im Rahmen eines Notfallumsiedlungsprogramms zur Unterst\u00fctzung Italiens und Griechenlands m\u00fcsste Ungarn 496 Migranten aus Italien und 331 aus Griechenland aufnehmen.<\/p>\n<p>Im Rahmen eines Programms zur Neuansiedlung von Migranten von au\u00dferhalb der EU in einem Mitgliedstaat m\u00fcsste Ungarn in den n\u00e4chsten 2 Jahren 307 Personen aufnehmen.<\/p>\n","protected":false},"excerpt":{"rendered":"<p>Budapest (MTI) \u2013 F\u00fcnfundsiebzig Prozent der Ungarn sind der Meinung, dass die Migration von den Mitgliedstaaten und nicht auf der Ebene der Europ\u00e4ischen Union angegangen werden sollte, so eine aktuelle Umfrage der Denkfabrik Szazadveg. Ganze 83 Prozent der Befragten gaben an, von dem von der EU vorgeschlagenen System geh\u00f6rt zu haben, das eine Quote f\u00fcr [&hellip;]<\/p>\n","protected":false},"author":2,"featured_media":767806,"comment_status":"open","ping_status":"open","sticky":false,"template":"","format":"standard","meta":{"_acf_changed":false,"_display_image":"","footnotes":""},"categories":[1081],"tags":[1445],"class_list":["post-767805","post","type-post","status-publish","format-standard","has-post-thumbnail","hentry","category-politik","tag-migration"],"blocksy_meta":[],"acf":[],"author_username":"alk","telegram_post":"","public_post_metadata":{"breaking_news":"","important":"","csempe":"","center_tile":"","disable_thumbnail":"","target_lang":"","_featured_image_style":"","telegram_post":"","_xlat_group_id":""},"public_rank_math_data":{"title":"%title% %sep% %sitename%","description":"","focus_keyword":"","canonical_url":"","robots":"","primary_category":"1081","breadcrumb_title":"","facebook_title":"","facebook_description":"","facebook_image":"","facebook_image_id":"","twitter_title":"","twitter_description":"","twitter_image":"","twitter_image_id":"","twitter_card_type":"","twitter_use_facebook":"","advanced_robots":"","pillar_content":"","seo_score":"","contentai_score":"","rich_snippet":""},"_links":{"self":[{"href":"https:\/\/dailynewshungary.com\/de\/wp-json\/wp\/v2\/posts\/767805","targetHints":{"allow":["GET"]}}],"collection":[{"href":"https:\/\/dailynewshungary.com\/de\/wp-json\/wp\/v2\/posts"}],"about":[{"href":"https:\/\/dailynewshungary.com\/de\/wp-json\/wp\/v2\/types\/post"}],"author":[{"embeddable":true,"href":"https:\/\/dailynewshungary.com\/de\/wp-json\/wp\/v2\/users\/2"}],"replies":[{"embeddable":true,"href":"https:\/\/dailynewshungary.com\/de\/wp-json\/wp\/v2\/comments?post=767805"}],"version-history":[{"count":0,"href":"https:\/\/dailynewshungary.com\/de\/wp-json\/wp\/v2\/posts\/767805\/revisions"}],"wp:featuredmedia":[{"embeddable":true,"href":"https:\/\/dailynewshungary.com\/de\/wp-json\/wp\/v2\/media\/767806"}],"wp:attachment":[{"href":"https:\/\/dailynewshungary.com\/de\/wp-json\/wp\/v2\/media?parent=767805"}],"wp:term":[{"taxonomy":"category","embeddable":true,"href":"https:\/\/dailynewshungary.com\/de\/wp-json\/wp\/v2\/categories?post=767805"},{"taxonomy":"post_tag","embeddable":true,"href":"https:\/\/dailynewshungary.com\/de\/wp-json\/wp\/v2\/tags?post=767805"}],"curies":[{"name":"wp","href":"https:\/\/api.w.org\/{rel}","templated":true}]}}