{"id":767867,"date":"2015-05-25T12:10:21","date_gmt":"2015-05-25T10:10:21","guid":{"rendered":"https:\/\/dailynewshungary.com\/de\/490-eindringlinge-am-sonntag-gefangen-genommen\/"},"modified":"2015-05-25T12:10:21","modified_gmt":"2015-05-25T10:10:21","slug":"490-eindringlinge-am-sonntag-gefangen-genommen","status":"publish","type":"post","link":"https:\/\/dailynewshungary.com\/de\/490-eindringlinge-am-sonntag-gefangen-genommen\/","title":{"rendered":"490 Eindringlinge am Sonntag gefangen genommen"},"content":{"rendered":"<p><strong>Laut index.hu \u00fcberquerten 17 Kinder die gr\u00fcne Grenze mit der gr\u00f6\u00dften Gruppe, bestehend aus afghanischen B\u00fcrgern.<\/strong><\/p>\n<p>Szabolcs Szenti, Sprecher des Polizeipr\u00e4sidiums des Kreises Csongrad, sagte, die gr\u00f6\u00dfte Gruppe, bestehend aus 98 afghanischen Staatsb\u00fcrgern, habe die gr\u00fcne Grenze illegal in der N\u00e4he von Asotthalom \u00fcberquert, 17 davon seien Kinder gewesen.<\/p>\n<p>Am Abend wurde auf der Autobahn M5 ein serbischer Menschenschmuggler in der N\u00e4he der Kreuzung Roszke gefasstVier syrische und zwei irakische Staatsb\u00fcrger reisten mit einem italienischen Kennzeichen in seinem Auto an, sagte indeex.hu.<\/p>\n<p>Gegen den Serben wurde ein Strafverfahren wegen begr\u00fcndeten Verdachts des Menschenhandels eingeleitet. Gegen die Eindringlinge wurde ein Einwanderungsverfahren eingeleitet.<\/p>\n<p>Am Sonntag wurden 490 Menschen wegen illegalen Grenz\u00fcbertritts im Land gefasst; Gegen zwei Personen sei ein Strafverfahren wegen F\u00e4lschung \u00f6ffentlicher Dokumente gegen vier Personen wegen Menschenschmuggels eingeleitet worden, sagte MTI.<\/p>\n<p><em>Basierend auf dem Artikel von index.hu<br \/>\n\u00dcbersetzt von B.A<\/em><\/p>\n<p><em>Foto: MTI<\/em><\/p>\n","protected":false},"excerpt":{"rendered":"<p>Laut index.hu \u00fcberquerten 17 Kinder die gr\u00fcne Grenze mit der gr\u00f6\u00dften Gruppe, bestehend aus afghanischen B\u00fcrgern. Szabolcs Szenti, Sprecher des Polizeipr\u00e4sidiums des Kreises Csongrad, sagte, die gr\u00f6\u00dfte Gruppe, bestehend aus 98 afghanischen Staatsb\u00fcrgern, habe die gr\u00fcne Grenze illegal in der N\u00e4he von Asotthalom \u00fcberquert, 17 davon seien Kinder gewesen. Am Abend wurde auf der Autobahn [&hellip;]<\/p>\n","protected":false},"author":3,"featured_media":767868,"comment_status":"open","ping_status":"open","sticky":false,"template":"","format":"standard","meta":{"_acf_changed":false,"_display_image":"","footnotes":""},"categories":[1098],"tags":[1066],"class_list":["post-767867","post","type-post","status-publish","format-standard","has-post-thumbnail","hentry","category-gesellschaft","tag-hungary"],"blocksy_meta":[],"acf":[],"author_username":"becsi","telegram_post":"","public_post_metadata":{"breaking_news":"","important":"","csempe":"","center_tile":"","disable_thumbnail":"","target_lang":"","_featured_image_style":"","telegram_post":"","_xlat_group_id":""},"public_rank_math_data":{"title":"%title% %sep% %sitename%","description":"","focus_keyword":"","canonical_url":"","robots":"","primary_category":"1098","breadcrumb_title":"","facebook_title":"","facebook_description":"","facebook_image":"","facebook_image_id":"","twitter_title":"","twitter_description":"","twitter_image":"","twitter_image_id":"","twitter_card_type":"","twitter_use_facebook":"","advanced_robots":"","pillar_content":"","seo_score":"","contentai_score":"","rich_snippet":""},"_links":{"self":[{"href":"https:\/\/dailynewshungary.com\/de\/wp-json\/wp\/v2\/posts\/767867","targetHints":{"allow":["GET"]}}],"collection":[{"href":"https:\/\/dailynewshungary.com\/de\/wp-json\/wp\/v2\/posts"}],"about":[{"href":"https:\/\/dailynewshungary.com\/de\/wp-json\/wp\/v2\/types\/post"}],"author":[{"embeddable":true,"href":"https:\/\/dailynewshungary.com\/de\/wp-json\/wp\/v2\/users\/3"}],"replies":[{"embeddable":true,"href":"https:\/\/dailynewshungary.com\/de\/wp-json\/wp\/v2\/comments?post=767867"}],"version-history":[{"count":0,"href":"https:\/\/dailynewshungary.com\/de\/wp-json\/wp\/v2\/posts\/767867\/revisions"}],"wp:featuredmedia":[{"embeddable":true,"href":"https:\/\/dailynewshungary.com\/de\/wp-json\/wp\/v2\/media\/767868"}],"wp:attachment":[{"href":"https:\/\/dailynewshungary.com\/de\/wp-json\/wp\/v2\/media?parent=767867"}],"wp:term":[{"taxonomy":"category","embeddable":true,"href":"https:\/\/dailynewshungary.com\/de\/wp-json\/wp\/v2\/categories?post=767867"},{"taxonomy":"post_tag","embeddable":true,"href":"https:\/\/dailynewshungary.com\/de\/wp-json\/wp\/v2\/tags?post=767867"}],"curies":[{"name":"wp","href":"https:\/\/api.w.org\/{rel}","templated":true}]}}