{"id":767885,"date":"2015-05-24T07:05:26","date_gmt":"2015-05-24T05:05:26","guid":{"rendered":"https:\/\/dailynewshungary.com\/de\/prasident-nimmt-an-der-pfingstwallfahrt-teil\/"},"modified":"2015-05-24T07:05:26","modified_gmt":"2015-05-24T05:05:26","slug":"prasident-nimmt-an-der-pfingstwallfahrt-teil","status":"publish","type":"post","link":"https:\/\/dailynewshungary.com\/de\/prasident-nimmt-an-der-pfingstwallfahrt-teil\/","title":{"rendered":"Pr\u00e4sident nimmt an der Pfingstwallfahrt teil"},"content":{"rendered":"<p><strong>Budapest (MTI) \u201eAktuell\u201csoll jeder auf die Botschaft der Loyalit\u00e4t achten, die bei der Predigt in Sumuleu Ciuc (Csiksomlyo) geh\u00f6rt wurde, sagte Pr\u00e4sident Janos Ader am Samstag.<\/strong><\/p>\n<p>Der Pr\u00e4sident und First Lady Anita Herczegh nahmen an der j\u00e4hrlichen Pfingstpilgerfahrt in Sumuleu Ciuc teil, bei der sich Hunderttausende Gl\u00e4ubige versammelten, um sich der Freilichtmesse unter der Leitung von Gyorgy Jakubinyi, Erzbischof von Alba Iulia (Gyulafehervar), anzuschlie\u00dfen.<\/p>\n<p>\u201cDie Predigt, die wir h\u00f6rten, war eine Botschaft der Loyalit\u00e4t Treue zum Glauben, Loyalit\u00e4t zur Heimat, die Loyalit\u00e4t, Teil einer Nation zu sein und die Loyalit\u00e4t, die eigene Muttersprache zu behalten\u201d, sagte der Pr\u00e4sident.<\/p>\n<p>In diesem Jahr segnete Papst Franziskus die Pfingstwallfahrt anl\u00e4sslich der Schnitzerei der \u00f6rtlichen Marienstatue vor 500 Jahren.<\/p>\n<p>Sumuleu Ciuc wurde 1567 Wallfahrtsort, als der ungarische K\u00f6nig Johann II. Sigismund Zapolya die Szekler Bev\u00f6lkerung zum Protestantismus bekehren wollte, die Szekler weigerten sich zu konvertieren und wehrten sich, auf einem nahegelegenen Feld fand am Samstag vor Pfingsten eine Schlacht statt, die von den Szeklern gewonnen wurde, seitdem wird an das Ereignis durch eine Wallfahrt erinnert, wenn sich jedes Jahr Katholiken an Pfingsten versammeln.<\/p>\n","protected":false},"excerpt":{"rendered":"<p>Budapest (MTI) \u201eAktuell\u201csoll jeder auf die Botschaft der Loyalit\u00e4t achten, die bei der Predigt in Sumuleu Ciuc (Csiksomlyo) geh\u00f6rt wurde, sagte Pr\u00e4sident Janos Ader am Samstag. Der Pr\u00e4sident und First Lady Anita Herczegh nahmen an der j\u00e4hrlichen Pfingstpilgerfahrt in Sumuleu Ciuc teil, bei der sich Hunderttausende Gl\u00e4ubige versammelten, um sich der Freilichtmesse unter der Leitung [&hellip;]<\/p>\n","protected":false},"author":3,"featured_media":767886,"comment_status":"open","ping_status":"open","sticky":false,"template":"","format":"standard","meta":{"_acf_changed":false,"_display_image":"","footnotes":""},"categories":[1151],"tags":[1483,1789,1134],"class_list":["post-767885","post","type-post","status-publish","format-standard","has-post-thumbnail","hentry","category-kulturen","tag-ereignis","tag-pfingsten","tag-religion"],"blocksy_meta":[],"acf":[],"author_username":"becsi","telegram_post":"","public_post_metadata":{"breaking_news":"","important":"","csempe":"","center_tile":"","disable_thumbnail":"","target_lang":"","_featured_image_style":"","telegram_post":"","_xlat_group_id":""},"public_rank_math_data":{"title":"%title% %sep% %sitename%","description":"","focus_keyword":"","canonical_url":"","robots":"","primary_category":"1151","breadcrumb_title":"","facebook_title":"","facebook_description":"","facebook_image":"","facebook_image_id":"","twitter_title":"","twitter_description":"","twitter_image":"","twitter_image_id":"","twitter_card_type":"","twitter_use_facebook":"","advanced_robots":"","pillar_content":"","seo_score":"","contentai_score":"","rich_snippet":""},"_links":{"self":[{"href":"https:\/\/dailynewshungary.com\/de\/wp-json\/wp\/v2\/posts\/767885","targetHints":{"allow":["GET"]}}],"collection":[{"href":"https:\/\/dailynewshungary.com\/de\/wp-json\/wp\/v2\/posts"}],"about":[{"href":"https:\/\/dailynewshungary.com\/de\/wp-json\/wp\/v2\/types\/post"}],"author":[{"embeddable":true,"href":"https:\/\/dailynewshungary.com\/de\/wp-json\/wp\/v2\/users\/3"}],"replies":[{"embeddable":true,"href":"https:\/\/dailynewshungary.com\/de\/wp-json\/wp\/v2\/comments?post=767885"}],"version-history":[{"count":0,"href":"https:\/\/dailynewshungary.com\/de\/wp-json\/wp\/v2\/posts\/767885\/revisions"}],"wp:featuredmedia":[{"embeddable":true,"href":"https:\/\/dailynewshungary.com\/de\/wp-json\/wp\/v2\/media\/767886"}],"wp:attachment":[{"href":"https:\/\/dailynewshungary.com\/de\/wp-json\/wp\/v2\/media?parent=767885"}],"wp:term":[{"taxonomy":"category","embeddable":true,"href":"https:\/\/dailynewshungary.com\/de\/wp-json\/wp\/v2\/categories?post=767885"},{"taxonomy":"post_tag","embeddable":true,"href":"https:\/\/dailynewshungary.com\/de\/wp-json\/wp\/v2\/tags?post=767885"}],"curies":[{"name":"wp","href":"https:\/\/api.w.org\/{rel}","templated":true}]}}