{"id":767957,"date":"2015-05-19T11:00:30","date_gmt":"2015-05-19T09:00:30","guid":{"rendered":"https:\/\/dailynewshungary.com\/de\/orban-begrust-neue-erzeparchie-in-ostungarn\/"},"modified":"2015-05-19T11:00:30","modified_gmt":"2015-05-19T09:00:30","slug":"orban-begrust-neue-erzeparchie-in-ostungarn","status":"publish","type":"post","link":"https:\/\/dailynewshungary.com\/de\/orban-begrust-neue-erzeparchie-in-ostungarn\/","title":{"rendered":"Orban begr\u00fc\u00dft neue Erzeparchie in Ostungarn"},"content":{"rendered":"<p><strong>Budapest (MTI) (MTI) \u2013 Die neu gegr\u00fcndete griechisch-katholische Erzeparchie Hajdudorog wird eine neue Hochburg des Christentums in Ungarn sein, sagte Ministerpr\u00e4sident Viktor Orban nach der Unterzeichnung eines Abkommens mit Metropolit Fulop Kocsis am Montag in Debrecen, Ostungarn.<\/strong><\/p>\n<p>Das ist wichtig f\u00fcr Ungarn, ein Land, das im Gegensatz zu Europa die \u201cWahrungsmacht des Christentums\u201d in sein Grundgesetz aufgenommen hat, sagte Orban.<\/p>\n<p>Der Premierminister sagte, das Christentum \u201cvollst\u00e4ndig mit all seinen Zweigen und Konfessionen\u201d sei untrennbar mit der ungarischen Geschichte verbunden und es sei nicht die geografische Lage, die die Ungarn zu Europ\u00e4ern gemacht habe \u201cWir sind Europ\u00e4er, weil wir Christen sind\u201d, sagte er und f\u00fcgte hinzu, dass ein starkes und erfolgreiches Ungarn nur auf diesen nationalen, christlichen und b\u00fcrgerlichen Traditionen aufgebaut werden kann.<\/p>\n<p>Orban sagte, die Geschichte habe deutlich gemacht, dass Ungarn nur in Zeiten stark sei, in denen der Staat die Kirche als Verb\u00fcndeten und nicht als Feind betrachte.<\/p>\n<p>Kocsis sagte, die Gemeinde Debrecen habe der Erzeparchie die R\u00e4umlichkeiten in zwei Einrichtungen kostenlos zur Verf\u00fcgung gestellt und die Regierung habe 2,3 Milliarden Forint f\u00fcr die Modernisierung der Immobilien und den Aufbau der Organisation der neuen Erzeparchie bereitgestellt.<\/p>\n<p>Der Premierminister sagte, die staatliche Finanzierung erm\u00f6gliche es der griechisch-katholischen Kirche, dem Vatikan und Ungarn, gute Beziehungen aufrechtzuerhalten und ihre Beziehungen zu vertiefen, und st\u00e4rke die nationale und europ\u00e4ische Identit\u00e4t der Ungarn.<\/p>\n<p>Das Bistum Hajdudorog wurde auf Beschluss von Papst Franziskus im M\u00e4rz dieses Jahres zur Erzeparchie erhoben.<\/p>\n<p>Laut der Volksz\u00e4hlung 2011 erkl\u00e4rten sich 179.000 B\u00fcrger Ungarns als griechisch-katholischDie meisten Mitglieder der Gemeinde leben in der nord\u00f6stlichen Region.<\/p>\n<p><em>Foto: MTI<\/em><\/p>\n","protected":false},"excerpt":{"rendered":"<p>Budapest (MTI) (MTI) \u2013 Die neu gegr\u00fcndete griechisch-katholische Erzeparchie Hajdudorog wird eine neue Hochburg des Christentums in Ungarn sein, sagte Ministerpr\u00e4sident Viktor Orban nach der Unterzeichnung eines Abkommens mit Metropolit Fulop Kocsis am Montag in Debrecen, Ostungarn. Das ist wichtig f\u00fcr Ungarn, ein Land, das im Gegensatz zu Europa die \u201cWahrungsmacht des Christentums\u201d in sein [&hellip;]<\/p>\n","protected":false},"author":2,"featured_media":767958,"comment_status":"open","ping_status":"open","sticky":false,"template":"","format":"standard","meta":{"_acf_changed":false,"_display_image":"","footnotes":""},"categories":[1081],"tags":[1134,1128],"class_list":["post-767957","post","type-post","status-publish","format-standard","has-post-thumbnail","hentry","category-politik","tag-religion","tag-viktor-orban"],"blocksy_meta":[],"acf":[],"author_username":"alk","telegram_post":"","public_post_metadata":{"breaking_news":"","important":"","csempe":"","center_tile":"","disable_thumbnail":"","target_lang":"","_featured_image_style":"","telegram_post":"","_xlat_group_id":""},"public_rank_math_data":{"title":"%title% %sep% %sitename%","description":"","focus_keyword":"","canonical_url":"","robots":"","primary_category":"1081","breadcrumb_title":"","facebook_title":"","facebook_description":"","facebook_image":"","facebook_image_id":"","twitter_title":"","twitter_description":"","twitter_image":"","twitter_image_id":"","twitter_card_type":"","twitter_use_facebook":"","advanced_robots":"","pillar_content":"","seo_score":"","contentai_score":"","rich_snippet":""},"_links":{"self":[{"href":"https:\/\/dailynewshungary.com\/de\/wp-json\/wp\/v2\/posts\/767957","targetHints":{"allow":["GET"]}}],"collection":[{"href":"https:\/\/dailynewshungary.com\/de\/wp-json\/wp\/v2\/posts"}],"about":[{"href":"https:\/\/dailynewshungary.com\/de\/wp-json\/wp\/v2\/types\/post"}],"author":[{"embeddable":true,"href":"https:\/\/dailynewshungary.com\/de\/wp-json\/wp\/v2\/users\/2"}],"replies":[{"embeddable":true,"href":"https:\/\/dailynewshungary.com\/de\/wp-json\/wp\/v2\/comments?post=767957"}],"version-history":[{"count":0,"href":"https:\/\/dailynewshungary.com\/de\/wp-json\/wp\/v2\/posts\/767957\/revisions"}],"wp:featuredmedia":[{"embeddable":true,"href":"https:\/\/dailynewshungary.com\/de\/wp-json\/wp\/v2\/media\/767958"}],"wp:attachment":[{"href":"https:\/\/dailynewshungary.com\/de\/wp-json\/wp\/v2\/media?parent=767957"}],"wp:term":[{"taxonomy":"category","embeddable":true,"href":"https:\/\/dailynewshungary.com\/de\/wp-json\/wp\/v2\/categories?post=767957"},{"taxonomy":"post_tag","embeddable":true,"href":"https:\/\/dailynewshungary.com\/de\/wp-json\/wp\/v2\/tags?post=767957"}],"curies":[{"name":"wp","href":"https:\/\/api.w.org\/{rel}","templated":true}]}}