{"id":768005,"date":"2015-05-15T21:00:35","date_gmt":"2015-05-15T19:00:35","guid":{"rendered":"https:\/\/dailynewshungary.com\/de\/ungarn-werde-mehr-fluchtlinge-sehen-sagt-ein-forschungsunternehmen\/"},"modified":"2015-05-15T21:00:35","modified_gmt":"2015-05-15T19:00:35","slug":"ungarn-werde-mehr-fluchtlinge-sehen-sagt-ein-forschungsunternehmen","status":"publish","type":"post","link":"https:\/\/dailynewshungary.com\/de\/ungarn-werde-mehr-fluchtlinge-sehen-sagt-ein-forschungsunternehmen\/","title":{"rendered":"Ungarn werde mehr Fl\u00fcchtlinge sehen, sagt ein Forschungsunternehmen"},"content":{"rendered":"<div class=\"titleNews\"><strong><span id=\"ctl00_ContentPlaceHolder1_ctrlNewsControl_lbLead\">Budapest, 15. Mai (MTI) \u2013 Ungarn k\u00f6nnte einen deutlichen Anstieg der Fl\u00fcchtlinge verzeichnen, wie in den Vorschlagsentw\u00fcrfen der Europ\u00e4ischen Kommission zur Einwanderung prognostiziert, teilte das Zentrum f\u00fcr Grundrechte am Freitag mit.<\/span><\/strong><\/div>\n<div class=\"leadNews\"><\/div>\n<div class=\"leadNews\">Der Entwurf enth\u00e4lt einen Vorschlag zur Zuweisung einer Quote f\u00fcr die Zahl der Asylsuchenden, die von jedem EU-Mitgliedstaat aufgenommen werden sollen, basierend auf bestimmten Indikatoren, sagte das Forschungsunternehmen. Die Analyse des Unternehmens auf der Grundlage des EU-Vorschlags ergab, dass das Quotensystem eingef\u00fchrt worden w\u00e4re Im vergangenen Jahr h\u00e4tte Ungarn fast sechsmal so vielen Einwanderern Asyl gew\u00e4hren m\u00fcssen wie tats\u00e4chlich.<\/p>\n<p>Die Europ\u00e4ische Union habe im Jahr 2014 625.000 Asylantr\u00e4ge erhalten, von denen 185.000 von den Mitgliedstaaten bewilligt worden seien, sagten sieWenn Ungarn im vergangenen Jahr etwa 43.000 illegale Einwanderer aufgenommen habe, sei nur 500 von ihnen der Fl\u00fcchtlingsstatus zuerkannt worden, was einem Anteil von 0,3 Prozent an der Gesamtzahl der Fl\u00fcchtlinge in der EU entspreche, sagte das Zentrum f\u00fcr Grundrechte.<\/p>\n<p>Das Zentrum sagte, dass die Anwendung der von der Kommission vorgeschlagenen Zuteilungsmethode auf die Zahlen des letzten Jahres zeige, dass Ungarn voraussichtlich 1,53 Prozent der Gesamtzahl der Asylsuchenden in der EU eingestellt h\u00e4tte, was bedeutet, dass Ungarn 3.000 Asylsuchenden den Fl\u00fcchtlingsstatus h\u00e4tte gew\u00e4hren m\u00fcssen der 185.000 Menschen, die 2014 von der Europ\u00e4ischen Union aufgenommen wurden.<\/p>\n<p>Da die Zahl der Asylsuchenden in der EU seit 2008 um 400.000 gestiegen ist und ein Drittel der Antr\u00e4ge auf Zuerkennung des Fl\u00fcchtlingsstatus bewilligt wurde, kann davon ausgegangen werden, dass Ungarn auf der Grundlage dieses Vorschlags verpflichtet w\u00e4re, noch mehr Asyl zu gew\u00e4hren Einwanderer, hei\u00dft es in der Analyse.<\/p>\n<p>In der Analyse wurde festgestellt, dass der Vorschlag zwar noch nicht rechtsverbindlich sei, aber den Grundstein f\u00fcr eine gemeinsame Einwanderungspolitik legen k\u00f6nne, die nach 2016 durchgesetzt werden k\u00f6nne.<\/p>\n<p>Das Forschungsunternehmen sagte, eine solche Agenda w\u00fcrde die Unterst\u00fctzung aller Mitgliedstaaten erfordern. J\u00fcngste Kommentare einiger Regierungschefs deuten jedoch darauf hin, dass die Mitgliedstaaten und EU-Gremien f\u00fcr eine heftige Debatte angesetzt sind.<\/p>\n<\/div>\n","protected":false},"excerpt":{"rendered":"<p>Budapest, 15. Mai (MTI) \u2013 Ungarn k\u00f6nnte einen deutlichen Anstieg der Fl\u00fcchtlinge verzeichnen, wie in den Vorschlagsentw\u00fcrfen der Europ\u00e4ischen Kommission zur Einwanderung prognostiziert, teilte das Zentrum f\u00fcr Grundrechte am Freitag mit. Der Entwurf enth\u00e4lt einen Vorschlag zur Zuweisung einer Quote f\u00fcr die Zahl der Asylsuchenden, die von jedem EU-Mitgliedstaat aufgenommen werden sollen, basierend auf bestimmten [&hellip;]<\/p>\n","protected":false},"author":2,"featured_media":768006,"comment_status":"open","ping_status":"open","sticky":false,"template":"","format":"standard","meta":{"_acf_changed":false,"_display_image":"","footnotes":""},"categories":[1081],"tags":[1082,1445],"class_list":["post-768005","post","type-post","status-publish","format-standard","has-post-thumbnail","hentry","category-politik","tag-europaische-union","tag-migration"],"blocksy_meta":[],"acf":[],"author_username":"alk","telegram_post":"","public_post_metadata":{"breaking_news":"","important":"","csempe":"","center_tile":"","disable_thumbnail":"","target_lang":"","_featured_image_style":"","telegram_post":"","_xlat_group_id":""},"public_rank_math_data":{"title":"%title% %sep% %sitename%","description":"","focus_keyword":"","canonical_url":"","robots":"","primary_category":"1081","breadcrumb_title":"","facebook_title":"","facebook_description":"","facebook_image":"","facebook_image_id":"","twitter_title":"","twitter_description":"","twitter_image":"","twitter_image_id":"","twitter_card_type":"","twitter_use_facebook":"","advanced_robots":"","pillar_content":"","seo_score":"","contentai_score":"","rich_snippet":""},"_links":{"self":[{"href":"https:\/\/dailynewshungary.com\/de\/wp-json\/wp\/v2\/posts\/768005","targetHints":{"allow":["GET"]}}],"collection":[{"href":"https:\/\/dailynewshungary.com\/de\/wp-json\/wp\/v2\/posts"}],"about":[{"href":"https:\/\/dailynewshungary.com\/de\/wp-json\/wp\/v2\/types\/post"}],"author":[{"embeddable":true,"href":"https:\/\/dailynewshungary.com\/de\/wp-json\/wp\/v2\/users\/2"}],"replies":[{"embeddable":true,"href":"https:\/\/dailynewshungary.com\/de\/wp-json\/wp\/v2\/comments?post=768005"}],"version-history":[{"count":0,"href":"https:\/\/dailynewshungary.com\/de\/wp-json\/wp\/v2\/posts\/768005\/revisions"}],"wp:featuredmedia":[{"embeddable":true,"href":"https:\/\/dailynewshungary.com\/de\/wp-json\/wp\/v2\/media\/768006"}],"wp:attachment":[{"href":"https:\/\/dailynewshungary.com\/de\/wp-json\/wp\/v2\/media?parent=768005"}],"wp:term":[{"taxonomy":"category","embeddable":true,"href":"https:\/\/dailynewshungary.com\/de\/wp-json\/wp\/v2\/categories?post=768005"},{"taxonomy":"post_tag","embeddable":true,"href":"https:\/\/dailynewshungary.com\/de\/wp-json\/wp\/v2\/tags?post=768005"}],"curies":[{"name":"wp","href":"https:\/\/api.w.org\/{rel}","templated":true}]}}