{"id":768013,"date":"2015-05-15T17:36:00","date_gmt":"2015-05-15T15:36:00","guid":{"rendered":"https:\/\/dailynewshungary.com\/de\/orban-parteichef-der-vojvodina-diskutiert-ethnische-ungarische-fragen\/"},"modified":"2015-05-15T17:36:00","modified_gmt":"2015-05-15T15:36:00","slug":"orban-parteichef-der-vojvodina-diskutiert-ethnische-ungarische-fragen","status":"publish","type":"post","link":"https:\/\/dailynewshungary.com\/de\/orban-parteichef-der-vojvodina-diskutiert-ethnische-ungarische-fragen\/","title":{"rendered":"Orban, Parteichef der Vojvodina, diskutiert ethnische ungarische Fragen"},"content":{"rendered":"<p><strong>Budapest, 15. Mai (MTI) \u201eMinisterpr\u00e4sident Viktor Orban besprach die Entwicklungen der ethnischen ungarischen Gemeinschaft in Wirtschaft, Kultur und Soziales bei Gespr\u00e4chen mit Istvan Pasztor, dem Vorsitzenden der Partei Allianz der Vojvodina-Ungarn, sagte Orbans Presseschef am Freitag.<\/strong><\/p>\n<p>Bertalan Havasi sagte, das Treffen sei Teil einer Reihe von Konsultationen zwischen den beiden Staats- und Regierungschefs gewesen. Die Gespr\u00e4che auf Expertenebene sollen bis Ende Mai abgeschlossen sein und es werden M\u00f6glichkeiten gepr\u00fcft, ethnischen ungarischen Unternehmen in der Vojvodina dabei zu helfen, neue M\u00e4rkte zu erschlie\u00dfen, sagte er.<\/p>\n<p>Orban und Pasztor diskutierten auch Pl\u00e4ne zur Einrichtung eines Landfonds f\u00fcr die Vojvodina, um ethnischen ungarischen Bauern zu helfen, sagte Havasi. Im sozialen Bereich sei die Einrichtung eines Aufsehernetzwerks f\u00fcr Vorstadtgebiete und Geh\u00f6fte geplant, f\u00fcgte er hinzu.<\/p>\n<p>Pasztor bereitet au\u00dferdem einen Vorschlag an Orban zu Sportentwicklungen in der Vojvodina vor, um mehr Unterst\u00fctzung zu erhalten und mehr ethnische ungarische Jugendliche f\u00fcr die Aus\u00fcbung traditioneller lokaler Sportarten zu gewinnen.<\/p>\n<p><em>Foto: MTI<\/em><\/p>\n","protected":false},"excerpt":{"rendered":"<p>Budapest, 15. Mai (MTI) \u201eMinisterpr\u00e4sident Viktor Orban besprach die Entwicklungen der ethnischen ungarischen Gemeinschaft in Wirtschaft, Kultur und Soziales bei Gespr\u00e4chen mit Istvan Pasztor, dem Vorsitzenden der Partei Allianz der Vojvodina-Ungarn, sagte Orbans Presseschef am Freitag. Bertalan Havasi sagte, das Treffen sei Teil einer Reihe von Konsultationen zwischen den beiden Staats- und Regierungschefs gewesen. Die [&hellip;]<\/p>\n","protected":false},"author":2,"featured_media":768014,"comment_status":"open","ping_status":"open","sticky":false,"template":"","format":"standard","meta":{"_acf_changed":false,"_display_image":"","footnotes":""},"categories":[1081],"tags":[1488,1128],"class_list":["post-768013","post","type-post","status-publish","format-standard","has-post-thumbnail","hentry","category-politik","tag-serbia","tag-viktor-orban"],"blocksy_meta":[],"acf":[],"author_username":"alk","telegram_post":"","public_post_metadata":{"breaking_news":"","important":"","csempe":"","center_tile":"","disable_thumbnail":"","target_lang":"","_featured_image_style":"","telegram_post":"","_xlat_group_id":""},"public_rank_math_data":{"title":"%title% %sep% %sitename%","description":"","focus_keyword":"","canonical_url":"","robots":"","primary_category":"1081","breadcrumb_title":"","facebook_title":"","facebook_description":"","facebook_image":"","facebook_image_id":"","twitter_title":"","twitter_description":"","twitter_image":"","twitter_image_id":"","twitter_card_type":"","twitter_use_facebook":"","advanced_robots":"","pillar_content":"","seo_score":"","contentai_score":"","rich_snippet":""},"_links":{"self":[{"href":"https:\/\/dailynewshungary.com\/de\/wp-json\/wp\/v2\/posts\/768013","targetHints":{"allow":["GET"]}}],"collection":[{"href":"https:\/\/dailynewshungary.com\/de\/wp-json\/wp\/v2\/posts"}],"about":[{"href":"https:\/\/dailynewshungary.com\/de\/wp-json\/wp\/v2\/types\/post"}],"author":[{"embeddable":true,"href":"https:\/\/dailynewshungary.com\/de\/wp-json\/wp\/v2\/users\/2"}],"replies":[{"embeddable":true,"href":"https:\/\/dailynewshungary.com\/de\/wp-json\/wp\/v2\/comments?post=768013"}],"version-history":[{"count":0,"href":"https:\/\/dailynewshungary.com\/de\/wp-json\/wp\/v2\/posts\/768013\/revisions"}],"wp:featuredmedia":[{"embeddable":true,"href":"https:\/\/dailynewshungary.com\/de\/wp-json\/wp\/v2\/media\/768014"}],"wp:attachment":[{"href":"https:\/\/dailynewshungary.com\/de\/wp-json\/wp\/v2\/media?parent=768013"}],"wp:term":[{"taxonomy":"category","embeddable":true,"href":"https:\/\/dailynewshungary.com\/de\/wp-json\/wp\/v2\/categories?post=768013"},{"taxonomy":"post_tag","embeddable":true,"href":"https:\/\/dailynewshungary.com\/de\/wp-json\/wp\/v2\/tags?post=768013"}],"curies":[{"name":"wp","href":"https:\/\/api.w.org\/{rel}","templated":true}]}}