{"id":768064,"date":"2015-05-13T19:00:32","date_gmt":"2015-05-13T17:00:32","guid":{"rendered":"https:\/\/dailynewshungary.com\/de\/mutmaslicher-killer-eines-taxifahrers-in-szeged-ist-nach-16-jahren-gefasst-worden\/"},"modified":"2015-05-13T19:00:32","modified_gmt":"2015-05-13T17:00:32","slug":"mutmaslicher-killer-eines-taxifahrers-in-szeged-ist-nach-16-jahren-gefasst-worden","status":"publish","type":"post","link":"https:\/\/dailynewshungary.com\/de\/mutmaslicher-killer-eines-taxifahrers-in-szeged-ist-nach-16-jahren-gefasst-worden\/","title":{"rendered":"Mutma\u00dflicher Killer eines Taxifahrers in Szeged ist nach 16 Jahren gefasst worden"},"content":{"rendered":"<p><strong>Ein 39-j\u00e4hriger Mann aus Balatonmariafurdo ist aufgrund des Europ\u00e4ischen Haftbefehls in Deutschland gefasst worden, die Polizei verd\u00e4chtigt ihn, im September 1998 in Dornaszek einen Taxifahrer get\u00f6tet zu haben \u2013 \u2013 Sprecher der Polizeibeh\u00f6rde des Landkreises Csongrad sagte, er solle beol.hu<\/strong><\/p>\n<p>Szabolcs Szenti sagte: \u201eErmittler aus dem Landkreis Csongrad erhielten 16einhalb Jahre nach der Begehung der Straftat Daten, zu denen der Untersuchungsrichter einen europ\u00e4ischen Haftbefehl gegen Roland T. erlie\u00df, der wegen Totschlags begr\u00fcndeten Verdachts stand.<\/p>\n<p>Der 39-J\u00e4hrige ist am 23. April in Deutschland festgenommen wordenDie ungarischen und die deutschen Beh\u00f6rden ergreifen die notwendigen Ma\u00dfnahmen, um die z\u00fcgige Auslieferung des Mannes sicherzustellen 23. Der Sprecher sagte.<\/p>\n<p><em>basierend auf dem Artikel von beol.hu<br \/>\n\u00dcbersetzt von B.A<\/em><\/p>\n","protected":false},"excerpt":{"rendered":"<p>Ein 39-j\u00e4hriger Mann aus Balatonmariafurdo ist aufgrund des Europ\u00e4ischen Haftbefehls in Deutschland gefasst worden, die Polizei verd\u00e4chtigt ihn, im September 1998 in Dornaszek einen Taxifahrer get\u00f6tet zu haben \u2013 \u2013 Sprecher der Polizeibeh\u00f6rde des Landkreises Csongrad sagte, er solle beol.hu Szabolcs Szenti sagte: \u201eErmittler aus dem Landkreis Csongrad erhielten 16einhalb Jahre nach der Begehung der [&hellip;]<\/p>\n","protected":false},"author":3,"featured_media":768065,"comment_status":"open","ping_status":"open","sticky":false,"template":"","format":"standard","meta":{"_acf_changed":false,"_display_image":"","footnotes":""},"categories":[1098],"tags":[1066],"class_list":["post-768064","post","type-post","status-publish","format-standard","has-post-thumbnail","hentry","category-gesellschaft","tag-hungary"],"blocksy_meta":[],"acf":[],"author_username":"becsi","telegram_post":"","public_post_metadata":{"breaking_news":"","important":"","csempe":"","center_tile":"","disable_thumbnail":"","target_lang":"","_featured_image_style":"","telegram_post":"","_xlat_group_id":""},"public_rank_math_data":{"title":"%title% %sep% %sitename%","description":"","focus_keyword":"","canonical_url":"","robots":"","primary_category":"1098","breadcrumb_title":"","facebook_title":"","facebook_description":"","facebook_image":"","facebook_image_id":"","twitter_title":"","twitter_description":"","twitter_image":"","twitter_image_id":"","twitter_card_type":"","twitter_use_facebook":"","advanced_robots":"","pillar_content":"","seo_score":"","contentai_score":"","rich_snippet":""},"_links":{"self":[{"href":"https:\/\/dailynewshungary.com\/de\/wp-json\/wp\/v2\/posts\/768064","targetHints":{"allow":["GET"]}}],"collection":[{"href":"https:\/\/dailynewshungary.com\/de\/wp-json\/wp\/v2\/posts"}],"about":[{"href":"https:\/\/dailynewshungary.com\/de\/wp-json\/wp\/v2\/types\/post"}],"author":[{"embeddable":true,"href":"https:\/\/dailynewshungary.com\/de\/wp-json\/wp\/v2\/users\/3"}],"replies":[{"embeddable":true,"href":"https:\/\/dailynewshungary.com\/de\/wp-json\/wp\/v2\/comments?post=768064"}],"version-history":[{"count":0,"href":"https:\/\/dailynewshungary.com\/de\/wp-json\/wp\/v2\/posts\/768064\/revisions"}],"wp:featuredmedia":[{"embeddable":true,"href":"https:\/\/dailynewshungary.com\/de\/wp-json\/wp\/v2\/media\/768065"}],"wp:attachment":[{"href":"https:\/\/dailynewshungary.com\/de\/wp-json\/wp\/v2\/media?parent=768064"}],"wp:term":[{"taxonomy":"category","embeddable":true,"href":"https:\/\/dailynewshungary.com\/de\/wp-json\/wp\/v2\/categories?post=768064"},{"taxonomy":"post_tag","embeddable":true,"href":"https:\/\/dailynewshungary.com\/de\/wp-json\/wp\/v2\/tags?post=768064"}],"curies":[{"name":"wp","href":"https:\/\/api.w.org\/{rel}","templated":true}]}}