{"id":768068,"date":"2015-05-13T16:39:51","date_gmt":"2015-05-13T14:39:51","guid":{"rendered":"https:\/\/dailynewshungary.com\/de\/eu-verbietet-aromatisierte-zigaretten-ab-2020\/"},"modified":"2015-05-13T16:39:51","modified_gmt":"2015-05-13T14:39:51","slug":"eu-verbietet-aromatisierte-zigaretten-ab-2020","status":"publish","type":"post","link":"https:\/\/dailynewshungary.com\/de\/eu-verbietet-aromatisierte-zigaretten-ab-2020\/","title":{"rendered":"EU verbietet aromatisierte Zigaretten ab 2020"},"content":{"rendered":"<p><strong>Am 20. Mai 2020 wird eine neue EU-Gesetzgebung in Kraft treten, die die Kommerzialisierung von Mentholzigaretten und Tabak in Ungarn verbietet, berichtete origo.hu.<\/strong><\/p>\n<p>Gesundheitsstaatssekret\u00e4r G\u00e1bor Zsombor hat mitgeteilt, dass die EU-Tabakproduktrichtlinie (TPD) von 2014 auch ein Verbot des Rauchens von Tabakerzeugnissen enth\u00e4lt, die andere Aromen wie Obst oder Vanille enthalten. Gem\u00e4\u00df der EU-Richtlinie d\u00fcrfen Aromen in Zigaretten und Tabak zum Selbstdrehen nicht in Mengen verwendet werden, die dem Produkt einen anderen \u201echarakterisierenden&#8217; Geschmack als Tabak verleihen.<\/p>\n<p>Das TPD von 2014 ersetzt und hebt das TPD von 2001 auf und f\u00f6rdert die \u00f6ffentliche Gesundheit in Europa erheblich. Beispielsweise beinhaltet es neben dem Verbot von \u201echarakterisierenden&#8217; Aromen auch eine Erh\u00f6hung der grafischen Gesundheitswarnungen von 30-40% auf 65% auf der Vorder- und R\u00fcckseite die Packung.<\/p>\n<p>Laut der offiziellen Website der Europ\u00e4ischen Union ist einer der zwingendsten Gr\u00fcnde f\u00fcr eine Versch\u00e4rfung der Vorschriften f\u00fcr Tabakerzeugnisse die negative Auswirkung des Tabakkonsums auf die Gesundheit der Menschen Tabakkonsum ist f\u00fcr sch\u00e4tzungsweise 700 000 vermeidbare Todesf\u00e4lle in der EU jedes Jahr verantwortlich Die \u00fcberwiegende Mehrheit der Raucher beginnt, wenn sie noch sehr jung sind 70% vor ihrem 18. Geburtstag und 94% vor dem 25. Die neue Richtlinie zielt darauf ab, Tabakwaren und Tabakkonsum in der EU, insbesondere f\u00fcr junge Menschen, weniger attraktiv zu machen.<\/p>\n<p>Zuvor berichtete origo.hu, dass das California Institute of Technology herausgefunden habe, dass Menthol dazu beitragen k\u00f6nne, die tats\u00e4chliche St\u00e4rke des Zigarettenrauchs abzudecken, was das Aufh\u00f6ren angenehmer und schwieriger mache. Die Untersuchung zeigt auch, dass Mentholraucher im Vergleich zu Nicht-Menthol-Rauchern derselben Altersgruppe ein deutlich h\u00f6heres Ma\u00df an Nikotinabh\u00e4ngigkeit aufweisen.<\/p>\n<p><em>Basierend auf dem Artikel von origo.hu<\/em><br \/>\n<em>\u00dcbersetzung von G\u00e1bor Hajnal<\/em><\/p>\n","protected":false},"excerpt":{"rendered":"<p>Am 20. Mai 2020 wird eine neue EU-Gesetzgebung in Kraft treten, die die Kommerzialisierung von Mentholzigaretten und Tabak in Ungarn verbietet, berichtete origo.hu. Gesundheitsstaatssekret\u00e4r G\u00e1bor Zsombor hat mitgeteilt, dass die EU-Tabakproduktrichtlinie (TPD) von 2014 auch ein Verbot des Rauchens von Tabakerzeugnissen enth\u00e4lt, die andere Aromen wie Obst oder Vanille enthalten. Gem\u00e4\u00df der EU-Richtlinie d\u00fcrfen Aromen [&hellip;]<\/p>\n","protected":false},"author":2,"featured_media":768069,"comment_status":"open","ping_status":"open","sticky":false,"template":"","format":"standard","meta":{"_acf_changed":false,"_display_image":"","footnotes":""},"categories":[1281],"tags":[1082,1107],"class_list":["post-768068","post","type-post","status-publish","format-standard","has-post-thumbnail","hentry","category-geschaft","tag-europaische-union","tag-gesundheit"],"blocksy_meta":[],"acf":[],"author_username":"alk","telegram_post":"","public_post_metadata":{"breaking_news":"","important":"","csempe":"","center_tile":"","disable_thumbnail":"","target_lang":"","_featured_image_style":"","telegram_post":"","_xlat_group_id":""},"public_rank_math_data":{"title":"%title% %sep% %sitename%","description":"","focus_keyword":"","canonical_url":"","robots":"","primary_category":"1281","breadcrumb_title":"","facebook_title":"","facebook_description":"","facebook_image":"","facebook_image_id":"","twitter_title":"","twitter_description":"","twitter_image":"","twitter_image_id":"","twitter_card_type":"","twitter_use_facebook":"","advanced_robots":"","pillar_content":"","seo_score":"","contentai_score":"","rich_snippet":""},"_links":{"self":[{"href":"https:\/\/dailynewshungary.com\/de\/wp-json\/wp\/v2\/posts\/768068","targetHints":{"allow":["GET"]}}],"collection":[{"href":"https:\/\/dailynewshungary.com\/de\/wp-json\/wp\/v2\/posts"}],"about":[{"href":"https:\/\/dailynewshungary.com\/de\/wp-json\/wp\/v2\/types\/post"}],"author":[{"embeddable":true,"href":"https:\/\/dailynewshungary.com\/de\/wp-json\/wp\/v2\/users\/2"}],"replies":[{"embeddable":true,"href":"https:\/\/dailynewshungary.com\/de\/wp-json\/wp\/v2\/comments?post=768068"}],"version-history":[{"count":0,"href":"https:\/\/dailynewshungary.com\/de\/wp-json\/wp\/v2\/posts\/768068\/revisions"}],"wp:featuredmedia":[{"embeddable":true,"href":"https:\/\/dailynewshungary.com\/de\/wp-json\/wp\/v2\/media\/768069"}],"wp:attachment":[{"href":"https:\/\/dailynewshungary.com\/de\/wp-json\/wp\/v2\/media?parent=768068"}],"wp:term":[{"taxonomy":"category","embeddable":true,"href":"https:\/\/dailynewshungary.com\/de\/wp-json\/wp\/v2\/categories?post=768068"},{"taxonomy":"post_tag","embeddable":true,"href":"https:\/\/dailynewshungary.com\/de\/wp-json\/wp\/v2\/tags?post=768068"}],"curies":[{"name":"wp","href":"https:\/\/api.w.org\/{rel}","templated":true}]}}