{"id":768084,"date":"2015-05-12T23:48:42","date_gmt":"2015-05-12T21:48:42","guid":{"rendered":"https:\/\/dailynewshungary.com\/de\/gesundheitspersonal-protestiert-fur-hohere-lohne\/"},"modified":"2015-05-12T23:48:42","modified_gmt":"2015-05-12T21:48:42","slug":"gesundheitspersonal-protestiert-fur-hohere-lohne","status":"publish","type":"post","link":"https:\/\/dailynewshungary.com\/de\/gesundheitspersonal-protestiert-fur-hohere-lohne\/","title":{"rendered":"Gesundheitspersonal protestiert f\u00fcr h\u00f6here L\u00f6hne"},"content":{"rendered":"<p><strong>Budapest (MTI) 6 Mitarbeiter des Gesundheitswesens versammelten sich am Dienstag im Zentrum von Budapest, um h\u00f6here Geh\u00e4lter und die Einf\u00fchrung von Karrieremodellen in der Branche zu fordern.<\/strong><\/p>\n<p>Die Demonstration, an der sch\u00e4tzungsweise 5.000 Krankenschwestern und andere Mitarbeiter teilnahmen, wurde von der Ungarischen Kammer der Besch\u00e4ftigten im Gesundheitswesen (MESZK) organisiert.<\/p>\n<p>Kammerchef Zoltan Balog sagte, die Botschaft des Protests sei, dass \u201cEntscheidungstr\u00e4ger die Forderungen der Mitarbeiter im Gesundheitswesen, deren \u201cPatient wird d\u00fcnn\u201d, nicht nur h\u00f6ren, sondern verstehen\u201d sollten.<\/p>\n<p>Die Demonstranten marschierten durch das Zentrum Budapests zum Personalministerium, um eine Petition an die Regierung zu \u00fcbergeben.<\/p>\n<p>Gleichzeitig protestierten \u00c4rzte und Krankenschwestern erneut vor dem Parlament, um bessere Arbeitsbedingungen und h\u00f6here L\u00f6hne zu fordern.<\/p>\n<p>Kamill Selmeczi, Leiter der Federation of Primary Care Physicians, sagte den Teilnehmern, dass \u201cdie Regierung in die zentralen Kassen greifen und dem Gesundheitspersonal das Geld geben muss, das sie verdienen\u201d.<\/p>\n<p>Janos Belteczki, Leiter des Verbandes ungarischer \u00c4rzte, sagte, dass die Bem\u00fchungen der \u00c4rzte ohne die Arbeit von Krankenschwestern, OR-Assistenten und Hilfskr\u00e4ften \u201cwertlos\u201d seien.<\/p>\n<p>Ein anderer Redner nannte Ungarns Krankenschwestern \u201cSklaven des 21. Jahrhunderts, die mit Leidenschaft f\u00fcr ihre Arbeit an das Krankenbett gekettet sind, ohne Belohnung\u201d Er f\u00fcgte hinzu, dass die Gesundheitsversorgung \u201clebenswert, nachhaltig und ohne Trinkgeld erforderlich\u201d sein sollte.<\/p>\n<p>Teilnehmer der Demo, die \u00e4hnlich gro\u00df wie der andere Protest waren, \u00fcbergaben eine Petition an einen Beamten des Parlaments.<\/p>\n<p><em>Foto: MTI<\/em><\/p>\n","protected":false},"excerpt":{"rendered":"<p>Budapest (MTI) 6 Mitarbeiter des Gesundheitswesens versammelten sich am Dienstag im Zentrum von Budapest, um h\u00f6here Geh\u00e4lter und die Einf\u00fchrung von Karrieremodellen in der Branche zu fordern. Die Demonstration, an der sch\u00e4tzungsweise 5.000 Krankenschwestern und andere Mitarbeiter teilnahmen, wurde von der Ungarischen Kammer der Besch\u00e4ftigten im Gesundheitswesen (MESZK) organisiert. Kammerchef Zoltan Balog sagte, die Botschaft [&hellip;]<\/p>\n","protected":false},"author":2,"featured_media":768085,"comment_status":"open","ping_status":"open","sticky":false,"template":"","format":"standard","meta":{"_acf_changed":false,"_display_image":"","footnotes":""},"categories":[1081],"tags":[1266,1107],"class_list":["post-768084","post","type-post","status-publish","format-standard","has-post-thumbnail","hentry","category-politik","tag-demonstration","tag-gesundheit"],"blocksy_meta":[],"acf":[],"author_username":"alk","telegram_post":"","public_post_metadata":{"breaking_news":"","important":"","csempe":"","center_tile":"","disable_thumbnail":"","target_lang":"","_featured_image_style":"","telegram_post":"","_xlat_group_id":""},"public_rank_math_data":{"title":"%title% %sep% %sitename%","description":"","focus_keyword":"","canonical_url":"","robots":"","primary_category":"1081","breadcrumb_title":"","facebook_title":"","facebook_description":"","facebook_image":"","facebook_image_id":"","twitter_title":"","twitter_description":"","twitter_image":"","twitter_image_id":"","twitter_card_type":"","twitter_use_facebook":"","advanced_robots":"","pillar_content":"","seo_score":"","contentai_score":"","rich_snippet":""},"_links":{"self":[{"href":"https:\/\/dailynewshungary.com\/de\/wp-json\/wp\/v2\/posts\/768084","targetHints":{"allow":["GET"]}}],"collection":[{"href":"https:\/\/dailynewshungary.com\/de\/wp-json\/wp\/v2\/posts"}],"about":[{"href":"https:\/\/dailynewshungary.com\/de\/wp-json\/wp\/v2\/types\/post"}],"author":[{"embeddable":true,"href":"https:\/\/dailynewshungary.com\/de\/wp-json\/wp\/v2\/users\/2"}],"replies":[{"embeddable":true,"href":"https:\/\/dailynewshungary.com\/de\/wp-json\/wp\/v2\/comments?post=768084"}],"version-history":[{"count":0,"href":"https:\/\/dailynewshungary.com\/de\/wp-json\/wp\/v2\/posts\/768084\/revisions"}],"wp:featuredmedia":[{"embeddable":true,"href":"https:\/\/dailynewshungary.com\/de\/wp-json\/wp\/v2\/media\/768085"}],"wp:attachment":[{"href":"https:\/\/dailynewshungary.com\/de\/wp-json\/wp\/v2\/media?parent=768084"}],"wp:term":[{"taxonomy":"category","embeddable":true,"href":"https:\/\/dailynewshungary.com\/de\/wp-json\/wp\/v2\/categories?post=768084"},{"taxonomy":"post_tag","embeddable":true,"href":"https:\/\/dailynewshungary.com\/de\/wp-json\/wp\/v2\/tags?post=768084"}],"curies":[{"name":"wp","href":"https:\/\/api.w.org\/{rel}","templated":true}]}}