{"id":768144,"date":"2015-05-08T16:00:26","date_gmt":"2015-05-08T14:00:26","guid":{"rendered":"https:\/\/dailynewshungary.com\/de\/am-samstag-wird-der-transport-von-budapest-durcheinander-gebracht\/"},"modified":"2015-05-08T16:00:26","modified_gmt":"2015-05-08T14:00:26","slug":"am-samstag-wird-der-transport-von-budapest-durcheinander-gebracht","status":"publish","type":"post","link":"https:\/\/dailynewshungary.com\/de\/am-samstag-wird-der-transport-von-budapest-durcheinander-gebracht\/","title":{"rendered":"Am Samstag wird der Transport von Budapest durcheinander gebracht"},"content":{"rendered":"<p><strong>Hvg.hu sagte, dass aufgrund eines Rennens der Transport in Budapest am Samstagmorgen ge\u00e4ndert werde; Einige der \u00f6ffentlichen Verkehrswege werden ge\u00e4ndert.<\/strong><\/p>\n<p>Der Umstieg findet nach Mitteilung der BKK haupts\u00e4chlich auf der Budaer Seite am unteren Kai, am Eingang der Margareteninsel von Pest nach Buda, an der Fejedelemstra\u00dfe \u00c1rp\u00e1d, am Kai Saint Gellert, an der Attila-Stra\u00dfe J\u00f3zsef und an der Honv\u00e9d-Stra\u00dfe statt.<\/p>\n<p>Auf einem k\u00fcrzeren Teil sollen die Stra\u00dfenbahn Nr. 2 sowie die Buslinien 26 und 226 verkehren, die Busse Nr. 9, 15, 115, 17, 86, 160, 260 und 260 A und die Stra\u00dfenbahnen 48 und 49; ferner k\u00f6nnten die Oberleitungsbusse 70 und 78 zeitlich eingestellt werden.<\/p>\n<p><em>basierend auf Artikel von hvg.hu<\/em><br \/>\n<em>\u00dcbersetzung von Andrea Toth<\/em><\/p>\n","protected":false},"excerpt":{"rendered":"<p>Hvg.hu sagte, dass aufgrund eines Rennens der Transport in Budapest am Samstagmorgen ge\u00e4ndert werde; Einige der \u00f6ffentlichen Verkehrswege werden ge\u00e4ndert. Der Umstieg findet nach Mitteilung der BKK haupts\u00e4chlich auf der Budaer Seite am unteren Kai, am Eingang der Margareteninsel von Pest nach Buda, an der Fejedelemstra\u00dfe \u00c1rp\u00e1d, am Kai Saint Gellert, an der Attila-Stra\u00dfe J\u00f3zsef [&hellip;]<\/p>\n","protected":false},"author":2,"featured_media":768145,"comment_status":"open","ping_status":"open","sticky":false,"template":"","format":"standard","meta":{"_acf_changed":false,"_display_image":"","footnotes":""},"categories":[1098],"tags":[1297],"class_list":["post-768144","post","type-post","status-publish","format-standard","has-post-thumbnail","hentry","category-gesellschaft","tag-transport"],"blocksy_meta":[],"acf":[],"author_username":"alk","telegram_post":"","public_post_metadata":{"breaking_news":"","important":"","csempe":"","center_tile":"","disable_thumbnail":"","target_lang":"","_featured_image_style":"","telegram_post":"","_xlat_group_id":""},"public_rank_math_data":{"title":"%title% %sep% %sitename%","description":"","focus_keyword":"","canonical_url":"","robots":"","primary_category":"1098","breadcrumb_title":"","facebook_title":"","facebook_description":"","facebook_image":"","facebook_image_id":"","twitter_title":"","twitter_description":"","twitter_image":"","twitter_image_id":"","twitter_card_type":"","twitter_use_facebook":"","advanced_robots":"","pillar_content":"","seo_score":"","contentai_score":"","rich_snippet":""},"_links":{"self":[{"href":"https:\/\/dailynewshungary.com\/de\/wp-json\/wp\/v2\/posts\/768144","targetHints":{"allow":["GET"]}}],"collection":[{"href":"https:\/\/dailynewshungary.com\/de\/wp-json\/wp\/v2\/posts"}],"about":[{"href":"https:\/\/dailynewshungary.com\/de\/wp-json\/wp\/v2\/types\/post"}],"author":[{"embeddable":true,"href":"https:\/\/dailynewshungary.com\/de\/wp-json\/wp\/v2\/users\/2"}],"replies":[{"embeddable":true,"href":"https:\/\/dailynewshungary.com\/de\/wp-json\/wp\/v2\/comments?post=768144"}],"version-history":[{"count":0,"href":"https:\/\/dailynewshungary.com\/de\/wp-json\/wp\/v2\/posts\/768144\/revisions"}],"wp:featuredmedia":[{"embeddable":true,"href":"https:\/\/dailynewshungary.com\/de\/wp-json\/wp\/v2\/media\/768145"}],"wp:attachment":[{"href":"https:\/\/dailynewshungary.com\/de\/wp-json\/wp\/v2\/media?parent=768144"}],"wp:term":[{"taxonomy":"category","embeddable":true,"href":"https:\/\/dailynewshungary.com\/de\/wp-json\/wp\/v2\/categories?post=768144"},{"taxonomy":"post_tag","embeddable":true,"href":"https:\/\/dailynewshungary.com\/de\/wp-json\/wp\/v2\/tags?post=768144"}],"curies":[{"name":"wp","href":"https:\/\/api.w.org\/{rel}","templated":true}]}}