{"id":768146,"date":"2015-05-08T14:00:56","date_gmt":"2015-05-08T12:00:56","guid":{"rendered":"https:\/\/dailynewshungary.com\/de\/orban-ungarn-konnte-grenzen-schutzen-ohne-unrealistische-eu-regeln\/"},"modified":"2015-05-08T14:00:56","modified_gmt":"2015-05-08T12:00:56","slug":"orban-ungarn-konnte-grenzen-schutzen-ohne-unrealistische-eu-regeln","status":"publish","type":"post","link":"https:\/\/dailynewshungary.com\/de\/orban-ungarn-konnte-grenzen-schutzen-ohne-unrealistische-eu-regeln\/","title":{"rendered":"Orban: Ungarn k\u00f6nnte Grenzen sch\u00fctzen ohne \u201cunrealistische\u201d EU-Regeln\u00a0"},"content":{"rendered":"<p><strong>Budapest, 8. Mai (MTI) \u201eUngarn w\u00e4re in der Lage, seine Grenzen vor illegaler Einwanderung zu sch\u00fctzen, wenn es in dieser Angelegenheit nur keine \u201eunrealistischen\u201cRegeln der Europ\u00e4ischen Union g\u00e4be, sagte Premierminister Viktor Orban in seinem regelm\u00e4\u00dfigen Freitagsinterview im \u00f6ffentlichen Radio.<\/strong><\/p>\n<p>Orban sagte gegen\u00fcber Kossuth Radio, dass illegale Einwanderung eher als Gesetzesversto\u00df denn als \u201cB\u00f6sewicht\u201d zu werten sei.<\/p>\n<p>Er stellte fest, dass sich die Zahl der Migranten, die illegal nach Ungarn einreisen, in den letzten drei Jahren verzwanzigfacht habe, was im europ\u00e4ischen Vergleich eine \u00fcbergro\u00dfe Zahl sei.<\/p>\n<p>\u201cUnd sobald die \u00d6sterreicher und die Deutschen den illegalen Grenz\u00fcbertritt an ihren eigenen Grenzen verhindern, werden alle illegalen Migranten, die in Ungarn ankommen, am Ende bleiben&#8230; Dies k\u00f6nnte Arbeitspl\u00e4tze und Lebensgrundlagen vor Ort gef\u00e4hrden\u201d, sagte Orban.<\/p>\n<p>\u201eWenn die EU uns keine unrealistischen Regeln aufzwingt&#8230;.. oder wenn wir diese Regeln abschaffen k\u00f6nnen, und das ist eine Vorbereitung darauf, was wir vorbereiten.\u201cdann werden wir Ungarn vor Wirtschaftseinwanderern sch\u00fctzen k\u00f6nnen\u201d, sagte er.<\/p>\n<p>Illegale Einwanderer m\u00fcssten inhaftiert und die entsprechenden rechtlichen Verfahren durchgef\u00fchrt werden, sagte er und f\u00fcgte jedoch hinzu, dass Menschen, die nachweisen k\u00f6nnen, dass sie politisch verfolgt werden, die M\u00f6glichkeit eines Asyls einger\u00e4umt werden m\u00fcsse.<\/p>\n<p>Er sagte, die Reaktion Br\u00fcssels auf ungarische Pl\u00e4ne sei nicht kritisch, sondern vielmehr eine Anerkennung seiner Position. Ungarn sei das einzige Land, das offen und klar \u00fcber das Problem spreche, betonte er. Und diejenigen, die dies tun, k\u00f6nnten mit ihnen gestritten werden, f\u00fcgte Orban hinzu.<\/p>\n<p>Der Premierminister sagte, die in Europa aufgeflammte Idee, Fl\u00fcchtlinge in ein Land zu lassen und sie dann auf andere EU-L\u00e4nder zu verteilen, sei eine \u201cverr\u00fcckte Idee\u201d Was jetzt gebraucht werde, sei nicht Solidarit\u00e4t, sondern Strafverfolgung, sagte er.<\/p>\n<p>\u201cJedes Land sollte seine eigenen Grenzen sch\u00fctzen\u201d, sagte er und f\u00fcgte hinzu, dass eine gemeinsame europ\u00e4ische Aktion nach L\u00f6sungen f\u00fcr das Problem au\u00dferhalb des Kontinents suchen sollte.<\/p>\n<p>Er sagte, er teile die Meinung, dass Schiffe menschlicher Schmuggler beschlagnahmt und zerst\u00f6rt werden m\u00fcssten und Menschen, die potenzielle illegale Migranten seien, daran gehindert werden sollten, ihr Land zu verlassen. Es sollten gr\u00f6\u00dfere Anstrengungen unternommen werden, um die Abgangsl\u00e4nder bei der Verst\u00e4rkung ihrer Grenzkontrollen zu unterst\u00fctzen, sagte Orban.<\/p>\n<p><em>Foto: MTI<\/em><\/p>\n","protected":false},"excerpt":{"rendered":"<p>Budapest, 8. Mai (MTI) \u201eUngarn w\u00e4re in der Lage, seine Grenzen vor illegaler Einwanderung zu sch\u00fctzen, wenn es in dieser Angelegenheit nur keine \u201eunrealistischen\u201cRegeln der Europ\u00e4ischen Union g\u00e4be, sagte Premierminister Viktor Orban in seinem regelm\u00e4\u00dfigen Freitagsinterview im \u00f6ffentlichen Radio. Orban sagte gegen\u00fcber Kossuth Radio, dass illegale Einwanderung eher als Gesetzesversto\u00df denn als \u201cB\u00f6sewicht\u201d zu werten [&hellip;]<\/p>\n","protected":false},"author":2,"featured_media":768147,"comment_status":"open","ping_status":"open","sticky":false,"template":"","format":"standard","meta":{"_acf_changed":false,"_display_image":"","footnotes":""},"categories":[1081],"tags":[1128],"class_list":["post-768146","post","type-post","status-publish","format-standard","has-post-thumbnail","hentry","category-politik","tag-viktor-orban"],"blocksy_meta":[],"acf":[],"author_username":"alk","telegram_post":"","public_post_metadata":{"breaking_news":"","important":"","csempe":"","center_tile":"","disable_thumbnail":"","target_lang":"","_featured_image_style":"","telegram_post":"","_xlat_group_id":""},"public_rank_math_data":{"title":"%title% %sep% %sitename%","description":"","focus_keyword":"","canonical_url":"","robots":"","primary_category":"1081","breadcrumb_title":"","facebook_title":"","facebook_description":"","facebook_image":"","facebook_image_id":"","twitter_title":"","twitter_description":"","twitter_image":"","twitter_image_id":"","twitter_card_type":"","twitter_use_facebook":"","advanced_robots":"","pillar_content":"","seo_score":"","contentai_score":"","rich_snippet":""},"_links":{"self":[{"href":"https:\/\/dailynewshungary.com\/de\/wp-json\/wp\/v2\/posts\/768146","targetHints":{"allow":["GET"]}}],"collection":[{"href":"https:\/\/dailynewshungary.com\/de\/wp-json\/wp\/v2\/posts"}],"about":[{"href":"https:\/\/dailynewshungary.com\/de\/wp-json\/wp\/v2\/types\/post"}],"author":[{"embeddable":true,"href":"https:\/\/dailynewshungary.com\/de\/wp-json\/wp\/v2\/users\/2"}],"replies":[{"embeddable":true,"href":"https:\/\/dailynewshungary.com\/de\/wp-json\/wp\/v2\/comments?post=768146"}],"version-history":[{"count":0,"href":"https:\/\/dailynewshungary.com\/de\/wp-json\/wp\/v2\/posts\/768146\/revisions"}],"wp:featuredmedia":[{"embeddable":true,"href":"https:\/\/dailynewshungary.com\/de\/wp-json\/wp\/v2\/media\/768147"}],"wp:attachment":[{"href":"https:\/\/dailynewshungary.com\/de\/wp-json\/wp\/v2\/media?parent=768146"}],"wp:term":[{"taxonomy":"category","embeddable":true,"href":"https:\/\/dailynewshungary.com\/de\/wp-json\/wp\/v2\/categories?post=768146"},{"taxonomy":"post_tag","embeddable":true,"href":"https:\/\/dailynewshungary.com\/de\/wp-json\/wp\/v2\/tags?post=768146"}],"curies":[{"name":"wp","href":"https:\/\/api.w.org\/{rel}","templated":true}]}}