{"id":768150,"date":"2015-05-08T11:22:39","date_gmt":"2015-05-08T09:22:39","guid":{"rendered":"https:\/\/dailynewshungary.com\/de\/orban-begrust-camerons-sieg\/"},"modified":"2015-05-08T11:22:39","modified_gmt":"2015-05-08T09:22:39","slug":"orban-begrust-camerons-sieg","status":"publish","type":"post","link":"https:\/\/dailynewshungary.com\/de\/orban-begrust-camerons-sieg\/","title":{"rendered":"Orban begr\u00fc\u00dft Camerons Sieg"},"content":{"rendered":"<p><strong>Budapest, 8. Mai (MTI) \u2013 Premierminister Viktor Orban hat den Sieg von David Cameron bei den britischen Wahlen am Donnerstag begr\u00fc\u00dft.<\/strong><\/p>\n<p>\u201cDer Mut hat gesiegt David Cameron geh\u00f6rt zu den Mutigen, er ist Klartext und politisch mutig\u201d, sagte Orban \u00fcber den konservativen F\u00fchrer.<\/p>\n<p>\u201cEs gibt ein oder zwei EU-bezogene Themen, bei denen wir gemeinsam gehandelt haben\u201d, sagte Orban am Freitagmorgen in einem Interview gegen\u00fcber dem \u00f6ffentlich zug\u00e4nglichen Kossuth Radio.<\/p>\n<p>Ungarns Charakter aus Sicht der \u201cKultur\u201d des politischen Diskurses, der Verfassungsm\u00e4\u00dfigkeit und des \u00f6ffentlichen Denkens sei dem Gro\u00dfbritanniens ziemlich \u00e4hnlich, betonte er.<\/p>\n<p>\u201cDeshalb ist das Ergebnis der britischen Abstimmung ein Bezugspunkt f\u00fcr uns\u201d, sagte Orban.<\/p>\n<p><em>Foto:&nbsp;<a class=\"irc_hl irc_hol\" href=\"http:\/\/hirhatar.com\/az-angolok-kilepnenek-az-europai-uniobol\/\" data-noload=\"\" target=\"_blank\" rel=\"noopener\"><span class=\"irc_ho\" dir=\"ltr\">hirhatar.com<\/span><\/a><\/em><\/p>\n","protected":false},"excerpt":{"rendered":"<p>Budapest, 8. Mai (MTI) \u2013 Premierminister Viktor Orban hat den Sieg von David Cameron bei den britischen Wahlen am Donnerstag begr\u00fc\u00dft. \u201cDer Mut hat gesiegt David Cameron geh\u00f6rt zu den Mutigen, er ist Klartext und politisch mutig\u201d, sagte Orban \u00fcber den konservativen F\u00fchrer. \u201cEs gibt ein oder zwei EU-bezogene Themen, bei denen wir gemeinsam gehandelt [&hellip;]<\/p>\n","protected":false},"author":2,"featured_media":768151,"comment_status":"open","ping_status":"open","sticky":false,"template":"","format":"standard","meta":{"_acf_changed":false,"_display_image":"","footnotes":""},"categories":[1081],"tags":[1361,1128],"class_list":["post-768150","post","type-post","status-publish","format-standard","has-post-thumbnail","hentry","category-politik","tag-uk","tag-viktor-orban"],"blocksy_meta":[],"acf":[],"author_username":"alk","telegram_post":"","public_post_metadata":{"breaking_news":"","important":"","csempe":"","center_tile":"","disable_thumbnail":"","target_lang":"","_featured_image_style":"","telegram_post":"","_xlat_group_id":""},"public_rank_math_data":{"title":"%title% %sep% %sitename%","description":"","focus_keyword":"","canonical_url":"","robots":"","primary_category":"1081","breadcrumb_title":"","facebook_title":"","facebook_description":"","facebook_image":"","facebook_image_id":"","twitter_title":"","twitter_description":"","twitter_image":"","twitter_image_id":"","twitter_card_type":"","twitter_use_facebook":"","advanced_robots":"","pillar_content":"","seo_score":"","contentai_score":"","rich_snippet":""},"_links":{"self":[{"href":"https:\/\/dailynewshungary.com\/de\/wp-json\/wp\/v2\/posts\/768150","targetHints":{"allow":["GET"]}}],"collection":[{"href":"https:\/\/dailynewshungary.com\/de\/wp-json\/wp\/v2\/posts"}],"about":[{"href":"https:\/\/dailynewshungary.com\/de\/wp-json\/wp\/v2\/types\/post"}],"author":[{"embeddable":true,"href":"https:\/\/dailynewshungary.com\/de\/wp-json\/wp\/v2\/users\/2"}],"replies":[{"embeddable":true,"href":"https:\/\/dailynewshungary.com\/de\/wp-json\/wp\/v2\/comments?post=768150"}],"version-history":[{"count":0,"href":"https:\/\/dailynewshungary.com\/de\/wp-json\/wp\/v2\/posts\/768150\/revisions"}],"wp:featuredmedia":[{"embeddable":true,"href":"https:\/\/dailynewshungary.com\/de\/wp-json\/wp\/v2\/media\/768151"}],"wp:attachment":[{"href":"https:\/\/dailynewshungary.com\/de\/wp-json\/wp\/v2\/media?parent=768150"}],"wp:term":[{"taxonomy":"category","embeddable":true,"href":"https:\/\/dailynewshungary.com\/de\/wp-json\/wp\/v2\/categories?post=768150"},{"taxonomy":"post_tag","embeddable":true,"href":"https:\/\/dailynewshungary.com\/de\/wp-json\/wp\/v2\/tags?post=768150"}],"curies":[{"name":"wp","href":"https:\/\/api.w.org\/{rel}","templated":true}]}}