{"id":768182,"date":"2015-05-06T17:00:37","date_gmt":"2015-05-06T15:00:37","guid":{"rendered":"https:\/\/dailynewshungary.com\/de\/jahrestag-des-ersten-postkommunistischen-frei-gewahlten-parlaments-ungarns\/"},"modified":"2015-05-06T17:00:37","modified_gmt":"2015-05-06T15:00:37","slug":"jahrestag-des-ersten-postkommunistischen-frei-gewahlten-parlaments-ungarns","status":"publish","type":"post","link":"https:\/\/dailynewshungary.com\/de\/jahrestag-des-ersten-postkommunistischen-frei-gewahlten-parlaments-ungarns\/","title":{"rendered":"Jahrestag des ersten postkommunistischen frei gew\u00e4hlten Parlaments Ungarns"},"content":{"rendered":"<p><strong>Budapest, 6. Mai (MTI) \u201eDie Erf\u00fcllung des Traums eines b\u00fcrgerlichen Ungarns, wie es vor 25 Jahren konzipiert wurde, ist das Hauptziel der Regierung in den n\u00e4chsten drei Jahren, sagte Premierminister Viktor Orban auf einer Konferenz anl\u00e4sslich des Jahrestages der ersten postkommunistischen Konferenz Ungarns. Kommunistisches frei gew\u00e4hltes Parlament im Jahr 1990.<\/strong><\/p>\n<p>Die Regierung habe nun die Autorit\u00e4t und St\u00e4rke, das Programm f\u00fcr ein b\u00fcrgerliches Ungarn umzusetzen, sagte Orban am Mittwoch im Parlament.<\/p>\n<p>\u201cDies bedurfte zwanzigj\u00e4hriger K\u00e4mpfe, einer siegreichen Verfassungsreform und f\u00fcnf Jahren hingebungsvoller Bem\u00fchungen, die Ruinen zu s\u00e4ubern und den Grundstein zu legen\u201d, f\u00fcgte er hinzu.<\/p>\n<p>Parlamentspr\u00e4sident Laszlo Kover sagte dem Ereignis, dass die postkommunistische Transformation ungeachtet der gescheiterten Erwartungen und Entt\u00e4uschungen der einzige Wendepunkt in der Geschichte des ungarischen 20. Jahrhunderts sei, der weder Verluste noch Inhaftierungen, sondern zumindest eine teilweise Wiederherstellung von Selbstverwaltung, Freiheit und Unabh\u00e4ngigkeit mit sich gebracht habe Das symbolische Datum des 2. Mai, als das Parlament vor einem Vierteljahrhundert gegr\u00fcndet wurde, stellte den \u00dcbergang von der Diktatur zur Demokratie, vom Kommunismus zu einem Rechtsstaat und von der Volksrepublik zu einer Republik dar, f\u00fcgte er hinzu.<\/p>\n<p>Mit Bezug auf die Periode 1989-1990 sagte der Premierminister, dass das Verh\u00e4ltnis heute zu den Ereignissen der Zeit keineswegs direkt oder unzerbrechlich seiAus der Sicht dieser Periode \u201cw\u00e4ren wir vielleicht nicht glauben, dass wir durch so viele Misserfolge, in so kurzer Zeit, so weit gekommen w\u00e4ren\u201d Doch aus heutiger Sicht \u201csehen wir die negativen Aspekte und Fehler\u201d, sagte er und verwies auf die Millionen Arbeitspl\u00e4tze, die in der Zeit nach dem Wandel des politischen Systems verschwanden, M\u00e4rkte nach Osten verloren und \u201cspontane\u201d Privatisierungen.<\/p>\n<p>Bis 2010 f\u00fchlte sich die Mehrheit der Ungarn als Verlierer des Wandels im politischen System \u201cSo wie die Energie, Dynamik und Begeisterung, die zu Beginn der 1990 er Jahre entstanden war, gebrochen wurde\u201d Dann, nach der Finanzkrise 2008, nach 40 Jahren Kommunismus, schwand das Vertrauen in unregulierte M\u00e4rkte und liberale Demokratie, sagte OrbanJetzt sehen immer weniger Menschen die positiven Aspekte des Regimewechsels und immer mehr, die nur noch die Schattenseiten sehen k\u00f6nnenf\u00fcgte er hinzu.<\/p>\n<p>Der Markt habe alles ans Licht gebracht, was der Kommunismus so lange vor den Augen verborgen habe, sagte er und bemerkte Arbeitslosigkeit, Inflation, reale Marktpreise und die Krise der Gro\u00dfindustrie. Es gab diejenigen, die \u201cwieder schlafen gehen\u201d und nostalgisch in die Zeit von Janos Kadar, Ungarns F\u00fchrer aus der kommunistischen \u00c4ra, zur\u00fcckkehren wollten, sagte Orban und f\u00fcgte hinzu, dass 1994 jeder, der in den Wahlkampf eintrat und nur L\u00f6sungen versprach, die den M\u00f6glichkeiten des Landes entsprachen, keine Chance auf einen Sieg hatte.<\/p>\n<p>Der klare Wendepunkt sei 2006 gewesen, als der ehemalige Premierminister Ferenc Gyurcsany seine ber\u00fcchtigte \u201cL\u00fcgenrede\u201d gehalten habe, sagte OrbanNeben der Wirtschaftskrise 2008 habe es eine Vertrauenskrise gegeben, die erst 2010 endetef\u00fcgte er hinzu.<\/p>\n<p>Nach zwei Jahrzehnten \u201eVerz\u00f6gerung\u201chatte das ungarische Volk 2010 \u201eeine Revolution herbeigef\u00fchrt\u201d, sagte der Premierminister. \u201eDie W\u00e4hlerschaft gab gen\u00fcgend Macht, um das zu tun, was f\u00fcr Ungarn n\u00f6tig war, f\u00fcgte er hinzu.\u201c\u201eWer h\u00e4tte 1994 gedacht, dass unsere politische Gemeinschaft eine Zweidrittelmehrheit herbeif\u00fchren und die fehlende Revolution zum Erfolg f\u00fchren w\u00fcrde?\u201d Im Jahr 2014 legten die Ungarn nach mehreren Jahrzehnten der Debatten endlich einen vollen Stopp ein, indem sie die zweiten zwei Drittel genehmigten, sagte er.<\/p>\n<p>Orban sagte, die vergangenen f\u00fcnf Jahre h\u00e4tten gezeigt, dass wir durch gemeinsames Handeln \u201cscheinbar hoffnungslose Dinge umkehren k\u00f6nnen\u201d und dabei auf \u201cdie Wirtschaft anzukurbeln, Familien und Gemeinder\u00e4te aus der Schuldknechtschaft zu befreien, multinationale Konzerne und Banken zu besteuern und den IWF nach Hause zu schicken.\u201d<\/p>\n<p>Der Premierminister erw\u00e4hnte auch die Einf\u00fchrung \u201eEuropas modernster Verfassung\u201cdie seiner Meinung nach die Umsetzung des schwierigsten und gr\u00f6\u00dften strukturellen und wirtschaftlichen Wandels sichergestellt habe, im Gegensatz zur Verfassung von 1949, die \u201esachfolgende Regierungen nicht binden konnte\u201d an die Interessen der Nation.<\/p>\n<p>\u201cWir sch\u00fctzen Familien, wir geben Arbeit statt Nutzen, wir treten f\u00fcr ungarische Interessen in Br\u00fcssel ein und wir haben auch die nationale Souver\u00e4nit\u00e4t zur\u00fcckerobert\u201d, sagte Orban \u201cWir haben die guten K\u00e4mpfe gef\u00fchrt; es war fr\u00f6hliche, m\u00e4nnliche Arbeit. Wir danken den Damen f\u00fcr ihre Hilfe\u201d, f\u00fcgte er hinzu.<\/p>\n<p><em>Foto: MTI<\/em><\/p>\n","protected":false},"excerpt":{"rendered":"<p>Budapest, 6. Mai (MTI) \u201eDie Erf\u00fcllung des Traums eines b\u00fcrgerlichen Ungarns, wie es vor 25 Jahren konzipiert wurde, ist das Hauptziel der Regierung in den n\u00e4chsten drei Jahren, sagte Premierminister Viktor Orban auf einer Konferenz anl\u00e4sslich des Jahrestages der ersten postkommunistischen Konferenz Ungarns. Kommunistisches frei gew\u00e4hltes Parlament im Jahr 1990. Die Regierung habe nun die [&hellip;]<\/p>\n","protected":false},"author":2,"featured_media":768183,"comment_status":"open","ping_status":"open","sticky":false,"template":"","format":"standard","meta":{"_acf_changed":false,"_display_image":"","footnotes":""},"categories":[1081],"tags":[1125],"class_list":["post-768182","post","type-post","status-publish","format-standard","has-post-thumbnail","hentry","category-politik","tag-geschichte"],"blocksy_meta":[],"acf":[],"author_username":"alk","telegram_post":"","public_post_metadata":{"breaking_news":"","important":"","csempe":"","center_tile":"","disable_thumbnail":"","target_lang":"","_featured_image_style":"","telegram_post":"","_xlat_group_id":""},"public_rank_math_data":{"title":"%title% %sep% %sitename%","description":"","focus_keyword":"","canonical_url":"","robots":"","primary_category":"1081","breadcrumb_title":"","facebook_title":"","facebook_description":"","facebook_image":"","facebook_image_id":"","twitter_title":"","twitter_description":"","twitter_image":"","twitter_image_id":"","twitter_card_type":"","twitter_use_facebook":"","advanced_robots":"","pillar_content":"","seo_score":"","contentai_score":"","rich_snippet":""},"_links":{"self":[{"href":"https:\/\/dailynewshungary.com\/de\/wp-json\/wp\/v2\/posts\/768182","targetHints":{"allow":["GET"]}}],"collection":[{"href":"https:\/\/dailynewshungary.com\/de\/wp-json\/wp\/v2\/posts"}],"about":[{"href":"https:\/\/dailynewshungary.com\/de\/wp-json\/wp\/v2\/types\/post"}],"author":[{"embeddable":true,"href":"https:\/\/dailynewshungary.com\/de\/wp-json\/wp\/v2\/users\/2"}],"replies":[{"embeddable":true,"href":"https:\/\/dailynewshungary.com\/de\/wp-json\/wp\/v2\/comments?post=768182"}],"version-history":[{"count":0,"href":"https:\/\/dailynewshungary.com\/de\/wp-json\/wp\/v2\/posts\/768182\/revisions"}],"wp:featuredmedia":[{"embeddable":true,"href":"https:\/\/dailynewshungary.com\/de\/wp-json\/wp\/v2\/media\/768183"}],"wp:attachment":[{"href":"https:\/\/dailynewshungary.com\/de\/wp-json\/wp\/v2\/media?parent=768182"}],"wp:term":[{"taxonomy":"category","embeddable":true,"href":"https:\/\/dailynewshungary.com\/de\/wp-json\/wp\/v2\/categories?post=768182"},{"taxonomy":"post_tag","embeddable":true,"href":"https:\/\/dailynewshungary.com\/de\/wp-json\/wp\/v2\/tags?post=768182"}],"curies":[{"name":"wp","href":"https:\/\/api.w.org\/{rel}","templated":true}]}}