{"id":768238,"date":"2015-05-03T17:22:09","date_gmt":"2015-05-03T15:22:09","guid":{"rendered":"https:\/\/dailynewshungary.com\/de\/ministerium-begrust-anstieg-der-geburten-am-muttertag\/"},"modified":"2015-05-03T17:22:09","modified_gmt":"2015-05-03T15:22:09","slug":"ministerium-begrust-anstieg-der-geburten-am-muttertag","status":"publish","type":"post","link":"https:\/\/dailynewshungary.com\/de\/ministerium-begrust-anstieg-der-geburten-am-muttertag\/","title":{"rendered":"Ministerium begr\u00fc\u00dft Anstieg der Geburten am Muttertag"},"content":{"rendered":"<p><strong>Budapest, 3. Mai (MTI) \u2013 Die Zahl der Geburten in Ungarn sei in den letzten 20 Monaten jeweils gestiegen, sagte ein Beamter des Personalministeriums bei den Feierlichkeiten zum Muttertag am Sonntag.<\/strong><\/p>\n<p>Tunde Furesz sagte, Ungarn sei ein familienfreundliches Land und die Regierung wolle alles in ihrer Macht Stehende tun, um sicherzustellen, dass das Geburtenwachstum anh\u00e4lt. Die Geburten stiegen im vergangenen Jahr um j\u00e4hrlich 3,2 Prozent und im Januar-Februar dieses Jahres um j\u00e4hrlich 3,6 Prozent, sagte sie.<\/p>\n<p>Sie sagte, Ma\u00dfnahmen, die junge M\u00fctter dabei unterst\u00fctzen, Arbeit zu finden, ohne das Kinderbetreuungsgeld zu verlieren, seien erfolgreich gewesen, und etwa 30.000 M\u00fctter h\u00e4tten diese Programme letztes Jahr in Anspruch genommen. Weitere 40.000 M\u00fctter profitierten von der Arbeitsschutzregelung, die die Unterst\u00fctzung auf Arbeitgeber ausweitete, die M\u00fctter an ihren Arbeitsplatz zur\u00fcckerhielten, f\u00fcgte sie hinzu.<\/p>\n<p>Die radikal-nationalistische Jobbik-Partei sagte, die Regierung solle M\u00fcttern mehr Familienzusch\u00fcsse gew\u00e4hren, um zu betonen, dass es ein \u201e\u00f6ffentliches Gut\u201cist. Die Regierung sollte am Muttertag auch einen j\u00e4hrlichen Zuschuss anbieten, sagte Elod Novak, der Abgeordnete der Partei und Leiter des Sozial- und Demografieausschusses des Parlaments. Er sagte, dass beispielsweise die Kinderbetreuungszusch\u00fcsse entsprechend der Inflationsrate erh\u00f6ht werden k\u00f6nnten.<\/p>\n<p>Die oppositionelle LMP sagte, die Regierung sollte Ma\u00dfnahmen ergreifen, um berufst\u00e4tigen M\u00fcttern mit kleinen Kindern zu helfen. Flexible Arbeitszeiten, Familientagesst\u00e4tten und ein Kindertagesst\u00e4ttenprogramm geh\u00f6ren zu den Vorschl\u00e4gen der LMP, zus\u00e4tzlich zur Erh\u00f6hung des Kinderbetreuungsgeldes und der Familienleistungen.<\/p>\n<p><em>Foto: pixabay<\/em><\/p>\n","protected":false},"excerpt":{"rendered":"<p>Budapest, 3. Mai (MTI) \u2013 Die Zahl der Geburten in Ungarn sei in den letzten 20 Monaten jeweils gestiegen, sagte ein Beamter des Personalministeriums bei den Feierlichkeiten zum Muttertag am Sonntag. Tunde Furesz sagte, Ungarn sei ein familienfreundliches Land und die Regierung wolle alles in ihrer Macht Stehende tun, um sicherzustellen, dass das Geburtenwachstum anh\u00e4lt. [&hellip;]<\/p>\n","protected":false},"author":2,"featured_media":768239,"comment_status":"open","ping_status":"open","sticky":false,"template":"","format":"standard","meta":{"_acf_changed":false,"_display_image":"","footnotes":""},"categories":[1098],"tags":[1066],"class_list":["post-768238","post","type-post","status-publish","format-standard","has-post-thumbnail","hentry","category-gesellschaft","tag-hungary"],"blocksy_meta":[],"acf":[],"author_username":"alk","telegram_post":"","public_post_metadata":{"breaking_news":"","important":"","csempe":"","center_tile":"","disable_thumbnail":"","target_lang":"","_featured_image_style":"","telegram_post":"","_xlat_group_id":""},"public_rank_math_data":{"title":"%title% %sep% %sitename%","description":"","focus_keyword":"","canonical_url":"","robots":"","primary_category":"1098","breadcrumb_title":"","facebook_title":"","facebook_description":"","facebook_image":"","facebook_image_id":"","twitter_title":"","twitter_description":"","twitter_image":"","twitter_image_id":"","twitter_card_type":"","twitter_use_facebook":"","advanced_robots":"","pillar_content":"","seo_score":"","contentai_score":"","rich_snippet":""},"_links":{"self":[{"href":"https:\/\/dailynewshungary.com\/de\/wp-json\/wp\/v2\/posts\/768238","targetHints":{"allow":["GET"]}}],"collection":[{"href":"https:\/\/dailynewshungary.com\/de\/wp-json\/wp\/v2\/posts"}],"about":[{"href":"https:\/\/dailynewshungary.com\/de\/wp-json\/wp\/v2\/types\/post"}],"author":[{"embeddable":true,"href":"https:\/\/dailynewshungary.com\/de\/wp-json\/wp\/v2\/users\/2"}],"replies":[{"embeddable":true,"href":"https:\/\/dailynewshungary.com\/de\/wp-json\/wp\/v2\/comments?post=768238"}],"version-history":[{"count":0,"href":"https:\/\/dailynewshungary.com\/de\/wp-json\/wp\/v2\/posts\/768238\/revisions"}],"wp:featuredmedia":[{"embeddable":true,"href":"https:\/\/dailynewshungary.com\/de\/wp-json\/wp\/v2\/media\/768239"}],"wp:attachment":[{"href":"https:\/\/dailynewshungary.com\/de\/wp-json\/wp\/v2\/media?parent=768238"}],"wp:term":[{"taxonomy":"category","embeddable":true,"href":"https:\/\/dailynewshungary.com\/de\/wp-json\/wp\/v2\/categories?post=768238"},{"taxonomy":"post_tag","embeddable":true,"href":"https:\/\/dailynewshungary.com\/de\/wp-json\/wp\/v2\/tags?post=768238"}],"curies":[{"name":"wp","href":"https:\/\/api.w.org\/{rel}","templated":true}]}}