{"id":768278,"date":"2015-05-01T02:17:43","date_gmt":"2015-05-01T00:17:43","guid":{"rendered":"https:\/\/dailynewshungary.com\/de\/der-rat-des-europaischen-parlaments-wird-orbans-vorschlage-zur-todesstrafe-und-migration-diskutieren\/"},"modified":"2015-05-01T02:17:43","modified_gmt":"2015-05-01T00:17:43","slug":"der-rat-des-europaischen-parlaments-wird-orbans-vorschlage-zur-todesstrafe-und-migration-diskutieren","status":"publish","type":"post","link":"https:\/\/dailynewshungary.com\/de\/der-rat-des-europaischen-parlaments-wird-orbans-vorschlage-zur-todesstrafe-und-migration-diskutieren\/","title":{"rendered":"Der Rat des Europ\u00e4ischen Parlaments wird Orbans Vorschl\u00e4ge zur Todesstrafe und Migration diskutieren"},"content":{"rendered":"<p><strong>Budapest (MTI) \u2013 Der Ausschuss f\u00fcr b\u00fcrgerliche Freiheiten des Europ\u00e4ischen Parlaments wird n\u00e4chste Woche eine Debatte \u00fcber die Vorschl\u00e4ge von Premierminister Viktor Orban zu Migration und Todesstrafe abhalten, sagte der ungarische sozialistische Europaabgeordnete Istvan Ujhelyi am Donnerstag gegen\u00fcber MTI.<\/strong><\/p>\n<p>Armin Machmer, Sprecher von EP-Pr\u00e4sident Martin Schulz, best\u00e4tigte, dass der Ausschuss f\u00fcr b\u00fcrgerliche Freiheiten, Justiz und Inneres die Vorschl\u00e4ge des ungarischen Ministerpr\u00e4sidenten beraten werde.<\/p>\n<p>Ujhelyi sagte, die Debatte \u00fcber Orbans Vorschl\u00e4ge sei auf dem Treffen der Fraktionsvorsitzenden des EP in Stra\u00dfburg gr\u00fcnes Licht gegeben wordenDie Fraktionsvorsitzenden des EP sagten, es sei wichtig zu pr\u00fcfen, was die Wiedereinf\u00fchrung der Todesstrafe in einem EU-Mitgliedstaat bedeuten w\u00fcrde, f\u00fcgte der Europaabgeordnete hinzu.<\/p>\n<p>Ujhelyi sagte, die Vorschl\u00e4ge des Premierministers k\u00f6nnten auf der Plenarsitzung des Europ\u00e4ischen Parlaments im n\u00e4chsten Monat zur Debatte stehen. Er sagte, der Premierminister habe f\u00fcr seine Vorschl\u00e4ge bereits \u201charte\u201d Kritik von EP-Fraktionsvorsitzenden erhalten.<\/p>\n<p>Am Rande einer Konferenz sagte der ungarische Justizminister Laszlo Trocsanyi, dass trotz der Debatten die Europ\u00e4ische Menschenrechtskonvention das Rechtsdokument sei, das im Umgang mit der Todesstrafe in Ungarn gilt.<\/p>\n<p>In einer am Donnerstag ver\u00f6ffentlichten Pressemitteilung verurteilte Sergej Stanischew, der bulgarische Vorsitzende der Sozialdemokratischen Partei Europas, den Vorschlag des Premierministers. Stanischew sagte, es sei \u201czutiefst traurig\u201d, dass ein Mitgliedsstaat \u201ceinen so regressiven Vorschlag gegen die EU-Grundrechtscharta\u201d gemacht habe, angesichts der Tatsache, dass \u201cdie EU den Friedensnobelpreis f\u00fcr ihre Arbeit zur Wahrung und F\u00f6rderung des Friedens erhalten habe\u201d<\/p>\n<p>Menschenrechtsbeauftragter des Europarates Nils Muiznieks \u00e4u\u00dferte sich k\u00fcrzlich besorgt \u00fcber \u201cdie populistische Tendenz im politischen Diskurs in Ungarn\u201d im Zusammenhang mit den j\u00fcngsten \u00c4u\u00dferungen von Ministerpr\u00e4sident Viktor Orban.<\/p>\n<p>Die Idee, eine \u00f6ffentliche Debatte \u00fcber die Wiederherstellung der Todesstrafe anzusto\u00dfen, wurde k\u00fcrzlich von Orban ge\u00e4u\u00dfert, nachdem eine junge Frau im S\u00fcdosten Ungarns brutal ermordet worden war.<\/p>\n<p>Schulz best\u00e4tigte auf der Sitzung der EP-Fraktionsvorsitzenden, dass die Charta der Grundrechte der Europ\u00e4ischen Union die Todesstrafe offiziell verbietet und dass die Wiederherstellung der Todesstrafe mit der EU-Mitgliedschaft unvereinbar ist.<\/p>\n<p>Die F\u00fchrer der liberalen Fraktion reichten einen Brief an den Vizepr\u00e4sidenten der Europ\u00e4ischen Kommission, Frans Timmermans, ein, in dem sie ihre Besorgnis \u00fcber Orbans Vorschl\u00e4ge zum Ausdruck brachten. Sie fragten, ob der Vizepr\u00e4sident die Vorschl\u00e4ge des ungarischen Premierministers als Versto\u00df gegen EU-Recht betrachte und ob die Kommission Ma\u00dfnahmen gegen Ungarn ergreifen werde.<\/p>\n","protected":false},"excerpt":{"rendered":"<p>Budapest (MTI) \u2013 Der Ausschuss f\u00fcr b\u00fcrgerliche Freiheiten des Europ\u00e4ischen Parlaments wird n\u00e4chste Woche eine Debatte \u00fcber die Vorschl\u00e4ge von Premierminister Viktor Orban zu Migration und Todesstrafe abhalten, sagte der ungarische sozialistische Europaabgeordnete Istvan Ujhelyi am Donnerstag gegen\u00fcber MTI. Armin Machmer, Sprecher von EP-Pr\u00e4sident Martin Schulz, best\u00e4tigte, dass der Ausschuss f\u00fcr b\u00fcrgerliche Freiheiten, Justiz und [&hellip;]<\/p>\n","protected":false},"author":2,"featured_media":768279,"comment_status":"open","ping_status":"open","sticky":false,"template":"","format":"standard","meta":{"_acf_changed":false,"_display_image":"","footnotes":""},"categories":[1081],"tags":[1082,1445],"class_list":["post-768278","post","type-post","status-publish","format-standard","has-post-thumbnail","hentry","category-politik","tag-europaische-union","tag-migration"],"blocksy_meta":[],"acf":[],"author_username":"alk","telegram_post":"","public_post_metadata":{"breaking_news":"","important":"","csempe":"","center_tile":"","disable_thumbnail":"","target_lang":"","_featured_image_style":"","telegram_post":"","_xlat_group_id":""},"public_rank_math_data":{"title":"%title% %sep% %sitename%","description":"","focus_keyword":"","canonical_url":"","robots":"","primary_category":"1081","breadcrumb_title":"","facebook_title":"","facebook_description":"","facebook_image":"","facebook_image_id":"","twitter_title":"","twitter_description":"","twitter_image":"","twitter_image_id":"","twitter_card_type":"","twitter_use_facebook":"","advanced_robots":"","pillar_content":"","seo_score":"","contentai_score":"","rich_snippet":""},"_links":{"self":[{"href":"https:\/\/dailynewshungary.com\/de\/wp-json\/wp\/v2\/posts\/768278","targetHints":{"allow":["GET"]}}],"collection":[{"href":"https:\/\/dailynewshungary.com\/de\/wp-json\/wp\/v2\/posts"}],"about":[{"href":"https:\/\/dailynewshungary.com\/de\/wp-json\/wp\/v2\/types\/post"}],"author":[{"embeddable":true,"href":"https:\/\/dailynewshungary.com\/de\/wp-json\/wp\/v2\/users\/2"}],"replies":[{"embeddable":true,"href":"https:\/\/dailynewshungary.com\/de\/wp-json\/wp\/v2\/comments?post=768278"}],"version-history":[{"count":0,"href":"https:\/\/dailynewshungary.com\/de\/wp-json\/wp\/v2\/posts\/768278\/revisions"}],"wp:featuredmedia":[{"embeddable":true,"href":"https:\/\/dailynewshungary.com\/de\/wp-json\/wp\/v2\/media\/768279"}],"wp:attachment":[{"href":"https:\/\/dailynewshungary.com\/de\/wp-json\/wp\/v2\/media?parent=768278"}],"wp:term":[{"taxonomy":"category","embeddable":true,"href":"https:\/\/dailynewshungary.com\/de\/wp-json\/wp\/v2\/categories?post=768278"},{"taxonomy":"post_tag","embeddable":true,"href":"https:\/\/dailynewshungary.com\/de\/wp-json\/wp\/v2\/tags?post=768278"}],"curies":[{"name":"wp","href":"https:\/\/api.w.org\/{rel}","templated":true}]}}