{"id":768288,"date":"2015-04-30T12:42:05","date_gmt":"2015-04-30T10:42:05","guid":{"rendered":"https:\/\/dailynewshungary.com\/de\/reuters-fitch-erwartet-keine-kurzfristige-anderung-der-ungarn-bewertung\/"},"modified":"2015-04-30T12:42:05","modified_gmt":"2015-04-30T10:42:05","slug":"reuters-fitch-erwartet-keine-kurzfristige-anderung-der-ungarn-bewertung","status":"publish","type":"post","link":"https:\/\/dailynewshungary.com\/de\/reuters-fitch-erwartet-keine-kurzfristige-anderung-der-ungarn-bewertung\/","title":{"rendered":"Reuters \u2013 Fitch erwartet keine kurzfristige \u00c4nderung der Ungarn-Bewertung"},"content":{"rendered":"<p><strong>Budapest (MTI) \u201eMit Fitch Ratings wird kurzfristig keine \u00c4nderung des ungarischen Staatsratings erwartet, teilte die Ratingagentur in einer E-Mail-Antwort an Reuters vor einer f\u00fcr den 22. Mai geplanten \u00dcberpr\u00fcfung mit.<\/strong><\/p>\n<p>Fitch-Raten Ungarn BB+, eine Stufe unter Investment Grade, mit stabilen Aussichten.<\/p>\n<p>\u201cAn der Au\u00dfenfront sehen wir die wichtigste Verbesserung Dank der Entschuldung des Privatsektors im Ausland und der hohen Leistungsbilanz\u00fcbersch\u00fcsse seit 2010 sinkt die Nettoauslandsverschuldung rapideDas ist ein klarer positiver Trend f\u00fcr das Rating\u201d, sagte Fitch gegen\u00fcber Reuters<\/p>\n<p>\u201cDie j\u00fcngste Vereinbarung mit der EBWE, die Regulierung des Bankensektors mit internationalen Best Practices in Einklang zu bringen, ist ein gutes Signal. \u201eAber wir w\u00fcrden uns w\u00fcnschen, dass es in der Praxis greifbarere Beweise f\u00fcr ein verbessertes\/stabileres Gesch\u00e4ftsumfeld gibt,\u201d, sagte Fitch.<\/p>\n<p>\u201cWir glauben, dass Ungarn mittelfristig in der Lage sein wird, das Defizit unter 3 Prozent des BIP zu halten. Dies k\u00f6nnte jedoch nicht ausreichen, um einen nachhaltigen R\u00fcckgang des Niveaus der Staatsverschuldung in Prozent des BIP sicherzustellen\u201d, sagte Fitch gegen\u00fcber Reuters.<\/p>\n<p><em>Foto: pixabay<\/em><\/p>\n","protected":false},"excerpt":{"rendered":"<p>Budapest (MTI) \u201eMit Fitch Ratings wird kurzfristig keine \u00c4nderung des ungarischen Staatsratings erwartet, teilte die Ratingagentur in einer E-Mail-Antwort an Reuters vor einer f\u00fcr den 22. Mai geplanten \u00dcberpr\u00fcfung mit. Fitch-Raten Ungarn BB+, eine Stufe unter Investment Grade, mit stabilen Aussichten. \u201cAn der Au\u00dfenfront sehen wir die wichtigste Verbesserung Dank der Entschuldung des Privatsektors im [&hellip;]<\/p>\n","protected":false},"author":2,"featured_media":768289,"comment_status":"open","ping_status":"open","sticky":false,"template":"","format":"standard","meta":{"_acf_changed":false,"_display_image":"","footnotes":""},"categories":[1281],"tags":[3757,1104],"class_list":["post-768288","post","type-post","status-publish","format-standard","has-post-thumbnail","hentry","category-geschaft","tag-ebwe","tag-wirtschaft"],"blocksy_meta":[],"acf":[],"author_username":"alk","telegram_post":"","public_post_metadata":{"breaking_news":"","important":"","csempe":"","center_tile":"","disable_thumbnail":"","target_lang":"","_featured_image_style":"","telegram_post":"","_xlat_group_id":""},"public_rank_math_data":{"title":"%title% %sep% %sitename%","description":"","focus_keyword":"","canonical_url":"","robots":"","primary_category":"1281","breadcrumb_title":"","facebook_title":"","facebook_description":"","facebook_image":"","facebook_image_id":"","twitter_title":"","twitter_description":"","twitter_image":"","twitter_image_id":"","twitter_card_type":"","twitter_use_facebook":"","advanced_robots":"","pillar_content":"","seo_score":"","contentai_score":"","rich_snippet":""},"_links":{"self":[{"href":"https:\/\/dailynewshungary.com\/de\/wp-json\/wp\/v2\/posts\/768288","targetHints":{"allow":["GET"]}}],"collection":[{"href":"https:\/\/dailynewshungary.com\/de\/wp-json\/wp\/v2\/posts"}],"about":[{"href":"https:\/\/dailynewshungary.com\/de\/wp-json\/wp\/v2\/types\/post"}],"author":[{"embeddable":true,"href":"https:\/\/dailynewshungary.com\/de\/wp-json\/wp\/v2\/users\/2"}],"replies":[{"embeddable":true,"href":"https:\/\/dailynewshungary.com\/de\/wp-json\/wp\/v2\/comments?post=768288"}],"version-history":[{"count":0,"href":"https:\/\/dailynewshungary.com\/de\/wp-json\/wp\/v2\/posts\/768288\/revisions"}],"wp:featuredmedia":[{"embeddable":true,"href":"https:\/\/dailynewshungary.com\/de\/wp-json\/wp\/v2\/media\/768289"}],"wp:attachment":[{"href":"https:\/\/dailynewshungary.com\/de\/wp-json\/wp\/v2\/media?parent=768288"}],"wp:term":[{"taxonomy":"category","embeddable":true,"href":"https:\/\/dailynewshungary.com\/de\/wp-json\/wp\/v2\/categories?post=768288"},{"taxonomy":"post_tag","embeddable":true,"href":"https:\/\/dailynewshungary.com\/de\/wp-json\/wp\/v2\/tags?post=768288"}],"curies":[{"name":"wp","href":"https:\/\/api.w.org\/{rel}","templated":true}]}}