{"id":768292,"date":"2015-04-30T12:01:41","date_gmt":"2015-04-30T10:01:41","guid":{"rendered":"https:\/\/dailynewshungary.com\/de\/uni-student-erhalt-5-jahre-haft-wegen-erschiesens\/"},"modified":"2015-04-30T12:01:41","modified_gmt":"2015-04-30T10:01:41","slug":"uni-student-erhalt-5-jahre-haft-wegen-erschiesens","status":"publish","type":"post","link":"https:\/\/dailynewshungary.com\/de\/uni-student-erhalt-5-jahre-haft-wegen-erschiesens\/","title":{"rendered":"Uni-Student erh\u00e4lt 5 Jahre Haft wegen Erschie\u00dfens"},"content":{"rendered":"<p><strong>Budapest (MTI) \u2013 Ein Budapester Gericht verurteilte Abel S., einen jungen Mann, der vor zwei Jahren in einem Fast-Food-Restaurant im Zentrum von Budapest Sch\u00fcsse abgefeuert hatte, zu f\u00fcnf Jahren Gef\u00e4ngnis, sagte sein Anwalt am Mittwoch gegen\u00fcber MTI.<\/strong><\/p>\n<p>Gegen die Entscheidung werde Berufung eingelegt, sagte der Verteidiger Barnabas Futo.<\/p>\n<p>In der Anklageschrift hie\u00df es, Abel S habe mehrere Sch\u00fcsse in die Decke des Fast-Food-Ladens abgefeuert und dabei niemanden verletzt. Der junge Mann wurde kurz darauf in derselben Stra\u00dfe festgenommen. Er wurde wegen Missbrauchs von Schusswaffen und Ruhest\u00f6rung verurteilt.<\/p>\n<p>Abel S. war zuvor wegen Vorbereitungen zur T\u00f6tung von Kommilitonen an der Budapester ELTE-Universit\u00e4t zu zweieinhalb Jahren Haft verurteilt worden, er hatte 21 Monate in Untersuchungshaft verbracht, doch das Berufungsgericht hob das fr\u00fchere Urteil auf und reduzierte die Strafe auf 50 Tage Gemeinschaftsarbeit, nun klagt er gegen den Staat auf Schadensersatz.<\/p>\n<p><em>Basierend auf dem Artikel von MTI<\/em><\/p>\n<p><em>Foto: Pixabay<\/em><\/p>\n","protected":false},"excerpt":{"rendered":"<p>Budapest (MTI) \u2013 Ein Budapester Gericht verurteilte Abel S., einen jungen Mann, der vor zwei Jahren in einem Fast-Food-Restaurant im Zentrum von Budapest Sch\u00fcsse abgefeuert hatte, zu f\u00fcnf Jahren Gef\u00e4ngnis, sagte sein Anwalt am Mittwoch gegen\u00fcber MTI. Gegen die Entscheidung werde Berufung eingelegt, sagte der Verteidiger Barnabas Futo. In der Anklageschrift hie\u00df es, Abel S [&hellip;]<\/p>\n","protected":false},"author":3,"featured_media":768293,"comment_status":"open","ping_status":"open","sticky":false,"template":"","format":"standard","meta":{"_acf_changed":false,"_display_image":"","footnotes":""},"categories":[1098],"tags":[1066],"class_list":["post-768292","post","type-post","status-publish","format-standard","has-post-thumbnail","hentry","category-gesellschaft","tag-hungary"],"blocksy_meta":[],"acf":[],"author_username":"becsi","telegram_post":"","public_post_metadata":{"breaking_news":"","important":"","csempe":"","center_tile":"","disable_thumbnail":"","target_lang":"","_featured_image_style":"","telegram_post":"","_xlat_group_id":""},"public_rank_math_data":{"title":"%title% %sep% %sitename%","description":"","focus_keyword":"","canonical_url":"","robots":"","primary_category":"1098","breadcrumb_title":"","facebook_title":"","facebook_description":"","facebook_image":"","facebook_image_id":"","twitter_title":"","twitter_description":"","twitter_image":"","twitter_image_id":"","twitter_card_type":"","twitter_use_facebook":"","advanced_robots":"","pillar_content":"","seo_score":"","contentai_score":"","rich_snippet":""},"_links":{"self":[{"href":"https:\/\/dailynewshungary.com\/de\/wp-json\/wp\/v2\/posts\/768292","targetHints":{"allow":["GET"]}}],"collection":[{"href":"https:\/\/dailynewshungary.com\/de\/wp-json\/wp\/v2\/posts"}],"about":[{"href":"https:\/\/dailynewshungary.com\/de\/wp-json\/wp\/v2\/types\/post"}],"author":[{"embeddable":true,"href":"https:\/\/dailynewshungary.com\/de\/wp-json\/wp\/v2\/users\/3"}],"replies":[{"embeddable":true,"href":"https:\/\/dailynewshungary.com\/de\/wp-json\/wp\/v2\/comments?post=768292"}],"version-history":[{"count":0,"href":"https:\/\/dailynewshungary.com\/de\/wp-json\/wp\/v2\/posts\/768292\/revisions"}],"wp:featuredmedia":[{"embeddable":true,"href":"https:\/\/dailynewshungary.com\/de\/wp-json\/wp\/v2\/media\/768293"}],"wp:attachment":[{"href":"https:\/\/dailynewshungary.com\/de\/wp-json\/wp\/v2\/media?parent=768292"}],"wp:term":[{"taxonomy":"category","embeddable":true,"href":"https:\/\/dailynewshungary.com\/de\/wp-json\/wp\/v2\/categories?post=768292"},{"taxonomy":"post_tag","embeddable":true,"href":"https:\/\/dailynewshungary.com\/de\/wp-json\/wp\/v2\/tags?post=768292"}],"curies":[{"name":"wp","href":"https:\/\/api.w.org\/{rel}","templated":true}]}}