{"id":768296,"date":"2015-04-30T08:00:37","date_gmt":"2015-04-30T06:00:37","guid":{"rendered":"https:\/\/dailynewshungary.com\/de\/ungarn-geht-gegen-guardian-vor-weil-orban-schlurft\/"},"modified":"2015-04-30T08:00:37","modified_gmt":"2015-04-30T06:00:37","slug":"ungarn-geht-gegen-guardian-vor-weil-orban-schlurft","status":"publish","type":"post","link":"https:\/\/dailynewshungary.com\/de\/ungarn-geht-gegen-guardian-vor-weil-orban-schlurft\/","title":{"rendered":"Ungarn geht gegen Guardian vor, weil Orban \u201eschlurft\u201c\u201d"},"content":{"rendered":"<p><strong>Budapest (MTI) \u201cDie ungarische Regierung wird Schritte unternehmen\u201d gegen einen im Guardian vom Mittwoch ver\u00f6ffentlichten Artikel, der \u201cunwahre Aussagen\u201d \u00fcber den Ministerpr\u00e4sidenten enth\u00e4lt, sagte der Regierungssprecher.<\/strong><\/p>\n<p>Der Artikel portr\u00e4tiere Viktor Orban als jemanden, der regelm\u00e4\u00dfig die Europ\u00e4ische Union kritisiert und den russischen Pr\u00e4sidenten Wladimir Putin verg\u00f6ttert, sagte Zoltan Kovacs.<\/p>\n<p>Die Aussagen des Papiers enthalten \u201cstarke Beleidigungen und falsche Darstellungen der Worte des Premierministers\u201d, f\u00fcgte er hinzu.<\/p>\n<p>Es sei nicht der Premierminister, sondern die ungarischen W\u00e4hler, die das Thema Todesstrafe auf der Tagesordnung belassen wollen, Orban habe lediglich \u00fcber diesen Wunsch nachgedacht, sagte Kovacs.<\/p>\n<p>Dennoch \u201ebeachtet Ungarn die geltenden Gesetze und h\u00e4lt sich selbstverst\u00e4ndlich an die Verpflichtungen aus internationalen Vertr\u00e4gen\u201csagte Kovacs\u201d.<\/p>\n<p>\u201cDer Rechtsnationalist Viktor Orban droht, sich dem EU-Recht zu widersetzen und startet ein einwanderungsfeindliches Manifest, in dem Internierungslager f\u00fcr illegale Einwanderer gefordert werden\u201d, sagte der Guardian.<\/p>\n<p>\u201cEin hartn\u00e4ckiger Kritiker der EU, der Russlands Pr\u00e4sidenten Wladimir Putin als Musterf\u00fchrer hinh\u00e4lt, reagierte Orban am Dienstag auf die Ermordung einer Frau in S\u00fcdungarn mit der Forderung nach einer Neubetrachtung der in der EU verbotenen drakonischen Ma\u00dfnahmen, der Ungarn 2004 beigetreten ist\u201d, hie\u00df es.<\/p>\n<p><em>Basierend auf dem Artikel von MTI<\/em><\/p>\n","protected":false},"excerpt":{"rendered":"<p>Budapest (MTI) \u201cDie ungarische Regierung wird Schritte unternehmen\u201d gegen einen im Guardian vom Mittwoch ver\u00f6ffentlichten Artikel, der \u201cunwahre Aussagen\u201d \u00fcber den Ministerpr\u00e4sidenten enth\u00e4lt, sagte der Regierungssprecher. Der Artikel portr\u00e4tiere Viktor Orban als jemanden, der regelm\u00e4\u00dfig die Europ\u00e4ische Union kritisiert und den russischen Pr\u00e4sidenten Wladimir Putin verg\u00f6ttert, sagte Zoltan Kovacs. Die Aussagen des Papiers enthalten \u201cstarke [&hellip;]<\/p>\n","protected":false},"author":3,"featured_media":768297,"comment_status":"open","ping_status":"open","sticky":false,"template":"","format":"standard","meta":{"_acf_changed":false,"_display_image":"","footnotes":""},"categories":[1081],"tags":[1128],"class_list":["post-768296","post","type-post","status-publish","format-standard","has-post-thumbnail","hentry","category-politik","tag-viktor-orban"],"blocksy_meta":[],"acf":[],"author_username":"becsi","telegram_post":"","public_post_metadata":{"breaking_news":"","important":"","csempe":"","center_tile":"","disable_thumbnail":"","target_lang":"","_featured_image_style":"","telegram_post":"","_xlat_group_id":""},"public_rank_math_data":{"title":"%title% %sep% %sitename%","description":"","focus_keyword":"","canonical_url":"","robots":"","primary_category":"1081","breadcrumb_title":"","facebook_title":"","facebook_description":"","facebook_image":"","facebook_image_id":"","twitter_title":"","twitter_description":"","twitter_image":"","twitter_image_id":"","twitter_card_type":"","twitter_use_facebook":"","advanced_robots":"","pillar_content":"","seo_score":"","contentai_score":"","rich_snippet":""},"_links":{"self":[{"href":"https:\/\/dailynewshungary.com\/de\/wp-json\/wp\/v2\/posts\/768296","targetHints":{"allow":["GET"]}}],"collection":[{"href":"https:\/\/dailynewshungary.com\/de\/wp-json\/wp\/v2\/posts"}],"about":[{"href":"https:\/\/dailynewshungary.com\/de\/wp-json\/wp\/v2\/types\/post"}],"author":[{"embeddable":true,"href":"https:\/\/dailynewshungary.com\/de\/wp-json\/wp\/v2\/users\/3"}],"replies":[{"embeddable":true,"href":"https:\/\/dailynewshungary.com\/de\/wp-json\/wp\/v2\/comments?post=768296"}],"version-history":[{"count":0,"href":"https:\/\/dailynewshungary.com\/de\/wp-json\/wp\/v2\/posts\/768296\/revisions"}],"wp:featuredmedia":[{"embeddable":true,"href":"https:\/\/dailynewshungary.com\/de\/wp-json\/wp\/v2\/media\/768297"}],"wp:attachment":[{"href":"https:\/\/dailynewshungary.com\/de\/wp-json\/wp\/v2\/media?parent=768296"}],"wp:term":[{"taxonomy":"category","embeddable":true,"href":"https:\/\/dailynewshungary.com\/de\/wp-json\/wp\/v2\/categories?post=768296"},{"taxonomy":"post_tag","embeddable":true,"href":"https:\/\/dailynewshungary.com\/de\/wp-json\/wp\/v2\/tags?post=768296"}],"curies":[{"name":"wp","href":"https:\/\/api.w.org\/{rel}","templated":true}]}}