{"id":768300,"date":"2015-04-29T18:00:59","date_gmt":"2015-04-29T16:00:59","guid":{"rendered":"https:\/\/dailynewshungary.com\/de\/ungarns-chef-der-nationalen-steuer-und-zollbehorde-konnte-entlassen-werden\/"},"modified":"2015-04-29T18:00:59","modified_gmt":"2015-04-29T16:00:59","slug":"ungarns-chef-der-nationalen-steuer-und-zollbehorde-konnte-entlassen-werden","status":"publish","type":"post","link":"https:\/\/dailynewshungary.com\/de\/ungarns-chef-der-nationalen-steuer-und-zollbehorde-konnte-entlassen-werden\/","title":{"rendered":"Ungarns Chef der Nationalen Steuer- und Zollbeh\u00f6rde k\u00f6nnte entlassen werden"},"content":{"rendered":"<p><strong>Die Leiterin der Nationalen Steuer &#8211; und Zollbeh\u00f6rde (NAV) Ungarns Ildiko Vida k\u00f6nnte bis Sommer von ihrem Amt entlassen werden \u2013 auch in den folgenden Wochen berichtete die ungarische Tageszeitung Nepszabads\u00e1g Online (nol.hu) am Montag unter Berufung auf ungenannte Quellen.<\/strong><\/p>\n<p>NAV-Insider glauben, dass Vidas Platz als H\u00e4uptling gef\u00e4hrdet ist, und sie sagten Nepszabadsag, dass sie ihre derzeitige Position sicherlich nicht bis zum Sommer besetzt h\u00e4tte. Sie f\u00fcgten hinzu, dass es zwar nicht in Vidas Interesse liege, zur\u00fcckzutreten, die Situation sich jedoch m\u00f6glicherweise so entwickeln werde, dass sie entlassen w\u00fcrde.<\/p>\n<p>Nepszabadsag berichtete, dass Regierungsquellen die Informationen noch nicht best\u00e4tigt h\u00e4tten, sie sagten jedoch, dass das Karrieremodell und der Gehaltsvorschlag f\u00fcr Steuerbeh\u00f6rden, die beide mit dem Namen des Leiters der Steuer- und Zollbeh\u00f6rde gekennzeichnet seien, dies getan h\u00e4tten Die ungarische Regierung verhandelt derzeit \u00fcber sie, Ministerpr\u00e4sident Viktor Orban hat sie jedoch noch nicht genehmigt.<\/p>\n<p>Vida geriet im Oktober 2014 in den Fokus der \u00f6ffentlichen Aufmerksamkeit, als das US-Au\u00dfenministerium sechs Ungarn (die alle der Regierung nahe standen) vor\u00fcbergehend das Recht auf Einreise in die Vereinigten Staaten aussetzte Die amerikanische Botschaft in Budapest best\u00e4tigte, dass sie glaubw\u00fcrdige Informationen dar\u00fcber habe, dass Ildiko Vida in korrupte Praktiken verwickelt gewesen seiDie Aff\u00e4re sch\u00fcrte regierungsfeindliche Stimmungen und sch\u00fcrte weiterhin Emp\u00f6rung im ganzen Land.<\/p>\n<p>Nepszabadsag stellt fest, dass sie sp\u00e4ter zugab, eine der Personen gewesen zu sein, denen die Einreise in die Vereinigten Staaten verboten war.<\/p>\n<p><em>Angelehnt an den Artikel nol.hu<br \/>\n\u00dcbersetzt von Gabor Hajnal<\/em><\/p>\n<p><em>Foto: http:\/\/biztonsagpiac.hu<\/em><\/p>\n","protected":false},"excerpt":{"rendered":"<p>Die Leiterin der Nationalen Steuer &#8211; und Zollbeh\u00f6rde (NAV) Ungarns Ildiko Vida k\u00f6nnte bis Sommer von ihrem Amt entlassen werden \u2013 auch in den folgenden Wochen berichtete die ungarische Tageszeitung Nepszabads\u00e1g Online (nol.hu) am Montag unter Berufung auf ungenannte Quellen. NAV-Insider glauben, dass Vidas Platz als H\u00e4uptling gef\u00e4hrdet ist, und sie sagten Nepszabadsag, dass sie [&hellip;]<\/p>\n","protected":false},"author":3,"featured_media":768301,"comment_status":"open","ping_status":"open","sticky":false,"template":"","format":"standard","meta":{"_acf_changed":false,"_display_image":"","footnotes":""},"categories":[1081],"tags":[1577,1128],"class_list":["post-768300","post","type-post","status-publish","format-standard","has-post-thumbnail","hentry","category-politik","tag-vereinigten-staaten","tag-viktor-orban"],"blocksy_meta":[],"acf":[],"author_username":"becsi","telegram_post":"","public_post_metadata":{"breaking_news":"","important":"","csempe":"","center_tile":"","disable_thumbnail":"","target_lang":"","_featured_image_style":"","telegram_post":"","_xlat_group_id":""},"public_rank_math_data":{"title":"%title% %sep% %sitename%","description":"","focus_keyword":"","canonical_url":"","robots":"","primary_category":"1081","breadcrumb_title":"","facebook_title":"","facebook_description":"","facebook_image":"","facebook_image_id":"","twitter_title":"","twitter_description":"","twitter_image":"","twitter_image_id":"","twitter_card_type":"","twitter_use_facebook":"","advanced_robots":"","pillar_content":"","seo_score":"","contentai_score":"","rich_snippet":""},"_links":{"self":[{"href":"https:\/\/dailynewshungary.com\/de\/wp-json\/wp\/v2\/posts\/768300","targetHints":{"allow":["GET"]}}],"collection":[{"href":"https:\/\/dailynewshungary.com\/de\/wp-json\/wp\/v2\/posts"}],"about":[{"href":"https:\/\/dailynewshungary.com\/de\/wp-json\/wp\/v2\/types\/post"}],"author":[{"embeddable":true,"href":"https:\/\/dailynewshungary.com\/de\/wp-json\/wp\/v2\/users\/3"}],"replies":[{"embeddable":true,"href":"https:\/\/dailynewshungary.com\/de\/wp-json\/wp\/v2\/comments?post=768300"}],"version-history":[{"count":0,"href":"https:\/\/dailynewshungary.com\/de\/wp-json\/wp\/v2\/posts\/768300\/revisions"}],"wp:featuredmedia":[{"embeddable":true,"href":"https:\/\/dailynewshungary.com\/de\/wp-json\/wp\/v2\/media\/768301"}],"wp:attachment":[{"href":"https:\/\/dailynewshungary.com\/de\/wp-json\/wp\/v2\/media?parent=768300"}],"wp:term":[{"taxonomy":"category","embeddable":true,"href":"https:\/\/dailynewshungary.com\/de\/wp-json\/wp\/v2\/categories?post=768300"},{"taxonomy":"post_tag","embeddable":true,"href":"https:\/\/dailynewshungary.com\/de\/wp-json\/wp\/v2\/tags?post=768300"}],"curies":[{"name":"wp","href":"https:\/\/api.w.org\/{rel}","templated":true}]}}