{"id":768306,"date":"2015-04-29T12:00:01","date_gmt":"2015-04-29T10:00:01","guid":{"rendered":"https:\/\/dailynewshungary.com\/de\/rogan-sagt-tabakhandler-konnen-folien-von-fenstern-abnehmen\/"},"modified":"2015-04-29T12:00:01","modified_gmt":"2015-04-29T10:00:01","slug":"rogan-sagt-tabakhandler-konnen-folien-von-fenstern-abnehmen","status":"publish","type":"post","link":"https:\/\/dailynewshungary.com\/de\/rogan-sagt-tabakhandler-konnen-folien-von-fenstern-abnehmen\/","title":{"rendered":"Rogan sagt, Tabakh\u00e4ndler k\u00f6nnen Folien von Fenstern abnehmen"},"content":{"rendered":"<p><strong>Budapest, 29. April (MTI) \u201eTobakkonisten k\u00f6nnen Folien aus Fenstern abziehen, sagte Antal Rogan, Vorsitzender der Fraktion der regierenden Fidesz-Partei, am Mittwoch als Reaktion auf die Behauptung, dass die Ermordung eines Verk\u00e4ufer in einem Tabakladen m\u00f6glicherweise verhindert worden sei. h\u00e4tte man die Fenster nicht tapeziert.<\/strong><\/p>\n<p>Er sagte dem \u00f6ffentlich-rechtlichen Radio Kossuth, dass derzeit keine Verordnung Folien an den Fenstern von Tabakgesch\u00e4ften vorschreibe.<\/p>\n<p>Rogan kommentierte die Bemerkung des Premierministers bez\u00fcglich der M\u00f6glichkeit, die \u00f6ffentliche Meinung zur Wiederherstellung der Todesstrafe zu gewinnen, und sagte, wenn die \u00d6ffentlichkeit eines EU-Mitgliedstaats dies w\u00fcnsche, stehe es ihr frei, die Frage der Todesstrafe auf der Ebene der Union anzusprechen.<\/p>\n<p>Viktor Orban brachte die Frage der Todesstrafe im Zusammenhang mit der j\u00fcngsten Ermordung des Verk\u00e4ufer in Kaposvar zur Sprache.<\/p>\n<p>Rogan stellte au\u00dferdem fest, dass die Gef\u00e4ngnisinsassen seit der Einf\u00fchrung eines Drei-Streik-Gesetzes durch die Fidesz-Regierung um rund 7.000 gewachsen seien.<\/p>\n<p><em>Basierend auf dem Artikel von MTI<\/em><\/p>\n<p><em>Foto: Pixabay<\/em><\/p>\n","protected":false},"excerpt":{"rendered":"<p>Budapest, 29. April (MTI) \u201eTobakkonisten k\u00f6nnen Folien aus Fenstern abziehen, sagte Antal Rogan, Vorsitzender der Fraktion der regierenden Fidesz-Partei, am Mittwoch als Reaktion auf die Behauptung, dass die Ermordung eines Verk\u00e4ufer in einem Tabakladen m\u00f6glicherweise verhindert worden sei. h\u00e4tte man die Fenster nicht tapeziert. Er sagte dem \u00f6ffentlich-rechtlichen Radio Kossuth, dass derzeit keine Verordnung Folien [&hellip;]<\/p>\n","protected":false},"author":3,"featured_media":768307,"comment_status":"open","ping_status":"open","sticky":false,"template":"","format":"standard","meta":{"_acf_changed":false,"_display_image":"","footnotes":""},"categories":[1081],"tags":[1091],"class_list":["post-768306","post","type-post","status-publish","format-standard","has-post-thumbnail","hentry","category-politik","tag-fidesz"],"blocksy_meta":[],"acf":[],"author_username":"becsi","telegram_post":"","public_post_metadata":{"breaking_news":"","important":"","csempe":"","center_tile":"","disable_thumbnail":"","target_lang":"","_featured_image_style":"","telegram_post":"","_xlat_group_id":""},"public_rank_math_data":{"title":"%title% %sep% %sitename%","description":"","focus_keyword":"","canonical_url":"","robots":"","primary_category":"1081","breadcrumb_title":"","facebook_title":"","facebook_description":"","facebook_image":"","facebook_image_id":"","twitter_title":"","twitter_description":"","twitter_image":"","twitter_image_id":"","twitter_card_type":"","twitter_use_facebook":"","advanced_robots":"","pillar_content":"","seo_score":"","contentai_score":"","rich_snippet":""},"_links":{"self":[{"href":"https:\/\/dailynewshungary.com\/de\/wp-json\/wp\/v2\/posts\/768306","targetHints":{"allow":["GET"]}}],"collection":[{"href":"https:\/\/dailynewshungary.com\/de\/wp-json\/wp\/v2\/posts"}],"about":[{"href":"https:\/\/dailynewshungary.com\/de\/wp-json\/wp\/v2\/types\/post"}],"author":[{"embeddable":true,"href":"https:\/\/dailynewshungary.com\/de\/wp-json\/wp\/v2\/users\/3"}],"replies":[{"embeddable":true,"href":"https:\/\/dailynewshungary.com\/de\/wp-json\/wp\/v2\/comments?post=768306"}],"version-history":[{"count":0,"href":"https:\/\/dailynewshungary.com\/de\/wp-json\/wp\/v2\/posts\/768306\/revisions"}],"wp:featuredmedia":[{"embeddable":true,"href":"https:\/\/dailynewshungary.com\/de\/wp-json\/wp\/v2\/media\/768307"}],"wp:attachment":[{"href":"https:\/\/dailynewshungary.com\/de\/wp-json\/wp\/v2\/media?parent=768306"}],"wp:term":[{"taxonomy":"category","embeddable":true,"href":"https:\/\/dailynewshungary.com\/de\/wp-json\/wp\/v2\/categories?post=768306"},{"taxonomy":"post_tag","embeddable":true,"href":"https:\/\/dailynewshungary.com\/de\/wp-json\/wp\/v2\/tags?post=768306"}],"curies":[{"name":"wp","href":"https:\/\/api.w.org\/{rel}","templated":true}]}}