{"id":768312,"date":"2015-04-29T02:19:48","date_gmt":"2015-04-29T00:19:48","guid":{"rendered":"https:\/\/dailynewshungary.com\/de\/ungarns-standpunkt-die-eu-ist-opfer-der-migration-und-nicht-deren-ursache\/"},"modified":"2015-04-29T02:19:48","modified_gmt":"2015-04-29T00:19:48","slug":"ungarns-standpunkt-die-eu-ist-opfer-der-migration-und-nicht-deren-ursache","status":"publish","type":"post","link":"https:\/\/dailynewshungary.com\/de\/ungarns-standpunkt-die-eu-ist-opfer-der-migration-und-nicht-deren-ursache\/","title":{"rendered":"Ungarns Standpunkt: Die EU ist Opfer der Migration und nicht deren Ursache"},"content":{"rendered":"<p><strong>Ungarn teilt den Standpunkt, dass die Europ\u00e4ische Union Opfer der Migration und nicht deren Ursache sei, in dem Sinne, dass sie dar\u00fcber nachdenken m\u00fcsse, wie mit der Situation umgegangen und umgegangen werden solle, sagte Regierungssprecher Zolt\u00e1n Kov\u00e1cs in einem Interview mit dem Fernsehsender M1 am Montagmorgen, berichtete hirado.hu.<\/strong><\/p>\n<p>Ungarns Sicht auf die illegale Einwanderung unterscheidet sich nicht drastisch von der Position der Europ\u00e4ischen Union, da die ungarische Regierung selbst der Ansicht ist, dass das Migrationsproblem an der Wurzel behandelt werden sollte. Kov\u00e1cs f\u00fcgte hinzu, dass die ungarische Regierung auf jedem internationalen Forum den Standpunkt vertreten habe, dass dies der Grund f\u00fcr die Ausreise der Fl\u00fcchtlinge sei, die in Afrika s\u00fcdlich der Sahara und im Nahen Osten abgeschafft werden sollte (obwohl dies keine leichte Aufgabe ist.<\/p>\n<p>Im Zusammenhang mit der k\u00fcrzlich eingeleiteten nationalen Konsultation stellte der Regierungssprecher fest, dass bereits im Februar viel \u00fcber die Notwendigkeit gesagt worden sei, das Thema Einwanderung und illegale Migranten zu diskutieren.<\/p>\n<p>Er betonte: \u201cDieser Dialog ist nicht notwendig, weil wir diese Menschen ablehnen, sondern weil es, um das Problem angehen zu k\u00f6nnen, neuer Ma\u00dfnahmen der EU und der Mitgliedstaaten bedarf\u201d<\/p>\n<p>Als Kov\u00e1cs \u00fcber den kontinuierlichen Anstieg der Fl\u00fcchtlingsstr\u00f6me sprach, der in den letzten anderthalb Jahren beobachtet wurde, sagte er, dass Europa \u201eund darin Ungarn \u201emit einem Problem konfrontiert waren, auf das seine Antworten scheinbar unzureichend waren. Es gibt keine gemeinschaftliche Regelung, die die gro\u00dfe Zahl von Einwanderern, die von au\u00dferhalb Europas ankommen, ausschlie\u00dfen k\u00f6nnte, und bis zum EU-Gipfel am vergangenen Donnerstag fehlten sogar die Grundbedingungen, die diese Menschen h\u00e4tten daran hindern k\u00f6nnen, von Nordafrika nach Europa zu segeln, f\u00fcgte er hinzu.<\/p>\n<p>Zuvor hatte Premierminister Viktor Orb\u00e1n Kossuth R\u00e1di\u00f3 gesagt, dass Europa seine Grenzen sch\u00fctzen und diesbez\u00fcglich ernsthafte polizeiliche und milit\u00e4rische Ma\u00dfnahmen durchsetzen m\u00fcsse. Der Premierminister sagte, dass es nicht ausreiche, die Grenzen Europas zu verteidigen, sondern dass Ma\u00dfnahmen ergriffen werden m\u00fcssten, um bei potenziellen Fl\u00fcchtlingen den Wunsch zu wecken, in ihren Heimatl\u00e4ndern zu bleiben.<\/p>\n<p><em>Basierend auf dem Artikel hirado.hu<\/em><br \/>\n<em>\u00dcbersetzung von G\u00e1bor Hajnal<\/em><\/p>\n<p><em>Foto: MTI<\/em><\/p>\n","protected":false},"excerpt":{"rendered":"<p>Ungarn teilt den Standpunkt, dass die Europ\u00e4ische Union Opfer der Migration und nicht deren Ursache sei, in dem Sinne, dass sie dar\u00fcber nachdenken m\u00fcsse, wie mit der Situation umgegangen und umgegangen werden solle, sagte Regierungssprecher Zolt\u00e1n Kov\u00e1cs in einem Interview mit dem Fernsehsender M1 am Montagmorgen, berichtete hirado.hu. Ungarns Sicht auf die illegale Einwanderung unterscheidet [&hellip;]<\/p>\n","protected":false},"author":2,"featured_media":768313,"comment_status":"open","ping_status":"open","sticky":false,"template":"","format":"standard","meta":{"_acf_changed":false,"_display_image":"","footnotes":""},"categories":[1081],"tags":[1082,1445],"class_list":["post-768312","post","type-post","status-publish","format-standard","has-post-thumbnail","hentry","category-politik","tag-europaische-union","tag-migration"],"blocksy_meta":[],"acf":[],"author_username":"alk","telegram_post":"","public_post_metadata":{"breaking_news":"","important":"","csempe":"","center_tile":"","disable_thumbnail":"","target_lang":"","_featured_image_style":"","telegram_post":"","_xlat_group_id":""},"public_rank_math_data":{"title":"%title% %sep% %sitename%","description":"","focus_keyword":"","canonical_url":"","robots":"","primary_category":"1081","breadcrumb_title":"","facebook_title":"","facebook_description":"","facebook_image":"","facebook_image_id":"","twitter_title":"","twitter_description":"","twitter_image":"","twitter_image_id":"","twitter_card_type":"","twitter_use_facebook":"","advanced_robots":"","pillar_content":"","seo_score":"","contentai_score":"","rich_snippet":""},"_links":{"self":[{"href":"https:\/\/dailynewshungary.com\/de\/wp-json\/wp\/v2\/posts\/768312","targetHints":{"allow":["GET"]}}],"collection":[{"href":"https:\/\/dailynewshungary.com\/de\/wp-json\/wp\/v2\/posts"}],"about":[{"href":"https:\/\/dailynewshungary.com\/de\/wp-json\/wp\/v2\/types\/post"}],"author":[{"embeddable":true,"href":"https:\/\/dailynewshungary.com\/de\/wp-json\/wp\/v2\/users\/2"}],"replies":[{"embeddable":true,"href":"https:\/\/dailynewshungary.com\/de\/wp-json\/wp\/v2\/comments?post=768312"}],"version-history":[{"count":0,"href":"https:\/\/dailynewshungary.com\/de\/wp-json\/wp\/v2\/posts\/768312\/revisions"}],"wp:featuredmedia":[{"embeddable":true,"href":"https:\/\/dailynewshungary.com\/de\/wp-json\/wp\/v2\/media\/768313"}],"wp:attachment":[{"href":"https:\/\/dailynewshungary.com\/de\/wp-json\/wp\/v2\/media?parent=768312"}],"wp:term":[{"taxonomy":"category","embeddable":true,"href":"https:\/\/dailynewshungary.com\/de\/wp-json\/wp\/v2\/categories?post=768312"},{"taxonomy":"post_tag","embeddable":true,"href":"https:\/\/dailynewshungary.com\/de\/wp-json\/wp\/v2\/tags?post=768312"}],"curies":[{"name":"wp","href":"https:\/\/api.w.org\/{rel}","templated":true}]}}