{"id":768320,"date":"2015-04-28T16:00:03","date_gmt":"2015-04-28T14:00:03","guid":{"rendered":"https:\/\/dailynewshungary.com\/de\/die-frage-der-todesstrafe-muss-diskutiert-werden-sagt-orban\/"},"modified":"2015-04-28T16:00:03","modified_gmt":"2015-04-28T14:00:03","slug":"die-frage-der-todesstrafe-muss-diskutiert-werden-sagt-orban","status":"publish","type":"post","link":"https:\/\/dailynewshungary.com\/de\/die-frage-der-todesstrafe-muss-diskutiert-werden-sagt-orban\/","title":{"rendered":"Die Frage der Todesstrafe muss diskutiert werden, sagt Orban"},"content":{"rendered":"<p><strong>Budapest, 28. April (MTI) \u201eThemen rund um die Todesstrafe sollten \u201eauf der Tagesordnung bleiben\u201csagte Premierminister Viktor Orban am Dienstag auf einer Pressekonferenz in Pecs.<\/strong><\/p>\n<p>Der Premierminister sagte, dass die Verabschiedung eines Gesetzes \u00fcber \u201edrei Streiks\u201cund die Verabschiedung einer tats\u00e4chlichen lebenslangen Haftstrafe durch Ungarn nicht ausgereicht h\u00e4tten, um Kriminelle abzuschrecken, und schlug vor, die Debatten \u00fcber eine m\u00f6gliche Wiedereinf\u00fchrung der Todesstrafe fortzusetzen.<\/p>\n<p>\u201cVerbrecher muss klar gemacht werden, dass Ungarn alle Mittel einsetzen wird, um seine B\u00fcrger zu sch\u00fctzen\u201d, sagte Orban.<\/p>\n<p>Streitigkeiten, ob die ungarischen Strafgesetze streng genug sind, sind im Zusammenhang mit der j\u00fcngsten Ermordung eines jungen Tabakh\u00e4ndlers in S\u00fcdwestungarn aufgeflammt.<\/p>\n<p>Die linke Opposition Democratic Coalition erkl\u00e4rte auf Orbans Pressekonferenz, der Premierminister habe das Thema Todesstrafe als Geste gegen\u00fcber der radikalen nationalistischen Partei Jobbik aufgegriffen und dabei \u201cmoralisch noch tiefer gesunken\u201d Csaba Molnar, der stellvertretende Vorsitzende der Partei, stellte in einer Erkl\u00e4rung fest, dass es die Todesstrafe nicht nur in der Europ\u00e4ischen Union, sondern auch in keinem einzigen europ\u00e4ischen Land gebe.<\/p>\n<p>Die Egyutt-Partei gab au\u00dferdem eine Erkl\u00e4rung ab, in der es hie\u00df, Orban sei auf der Suche nach einem kleinen politischen Gewinn \u201emehr Jobbik als Jobbik\u201cgeworden und mache immer extremere Aussagen, um seine Popularit\u00e4t wiederherzustellen. Egyutt sagte, der Premierminister m\u00fcsse sich dar\u00fcber im Klaren sein, dass ein Schritt wie die Wiedereinf\u00fchrung der Todesstrafe unvorhersehbare internationale Rechtsfolgen h\u00e4tte und faktisch bedeuten w\u00fcrde, dass Ungarn aus der EU ausgeschlossen w\u00fcrde.<\/p>\n<p>Die Partei Dialog f\u00fcr Ungarn (PM) forderte den Premierminister auf, sein \u201czynisches Spiel\u201d \u201cJobbiks verr\u00fcckte Ideen zu stehlen\u201d fallen zu lassen PM-Co-Vorsitzende Timea Szabo sagte in einer Erkl\u00e4rung, dass die Kriminalit\u00e4tsrate eher durch effizientere Ermittlungen als durch eine Erh\u00f6hung der Strafen gesenkt werden k\u00f6nnte Sie bemerkte auch, dass es manchmal so aussieht, dass Gerichte einen Fehler gemacht haben, und dies kostet das Leben einer unschuldigen Person, wenn sie zum Tode verurteilt wird.<\/p>\n<p><em>Basierend auf dem Artikel von MTI<\/em><\/p>\n<p><em>Foto: MTI<\/em><\/p>\n","protected":false},"excerpt":{"rendered":"<p>Budapest, 28. April (MTI) \u201eThemen rund um die Todesstrafe sollten \u201eauf der Tagesordnung bleiben\u201csagte Premierminister Viktor Orban am Dienstag auf einer Pressekonferenz in Pecs. Der Premierminister sagte, dass die Verabschiedung eines Gesetzes \u00fcber \u201edrei Streiks\u201cund die Verabschiedung einer tats\u00e4chlichen lebenslangen Haftstrafe durch Ungarn nicht ausgereicht h\u00e4tten, um Kriminelle abzuschrecken, und schlug vor, die Debatten \u00fcber [&hellip;]<\/p>\n","protected":false},"author":3,"featured_media":768321,"comment_status":"open","ping_status":"open","sticky":false,"template":"","format":"standard","meta":{"_acf_changed":false,"_display_image":"","footnotes":""},"categories":[1081],"tags":[1128],"class_list":["post-768320","post","type-post","status-publish","format-standard","has-post-thumbnail","hentry","category-politik","tag-viktor-orban"],"blocksy_meta":[],"acf":[],"author_username":"becsi","telegram_post":"","public_post_metadata":{"breaking_news":"","important":"","csempe":"","center_tile":"","disable_thumbnail":"","target_lang":"","_featured_image_style":"","telegram_post":"","_xlat_group_id":""},"public_rank_math_data":{"title":"%title% %sep% %sitename%","description":"","focus_keyword":"","canonical_url":"","robots":"","primary_category":"1081","breadcrumb_title":"","facebook_title":"","facebook_description":"","facebook_image":"","facebook_image_id":"","twitter_title":"","twitter_description":"","twitter_image":"","twitter_image_id":"","twitter_card_type":"","twitter_use_facebook":"","advanced_robots":"","pillar_content":"","seo_score":"","contentai_score":"","rich_snippet":""},"_links":{"self":[{"href":"https:\/\/dailynewshungary.com\/de\/wp-json\/wp\/v2\/posts\/768320","targetHints":{"allow":["GET"]}}],"collection":[{"href":"https:\/\/dailynewshungary.com\/de\/wp-json\/wp\/v2\/posts"}],"about":[{"href":"https:\/\/dailynewshungary.com\/de\/wp-json\/wp\/v2\/types\/post"}],"author":[{"embeddable":true,"href":"https:\/\/dailynewshungary.com\/de\/wp-json\/wp\/v2\/users\/3"}],"replies":[{"embeddable":true,"href":"https:\/\/dailynewshungary.com\/de\/wp-json\/wp\/v2\/comments?post=768320"}],"version-history":[{"count":0,"href":"https:\/\/dailynewshungary.com\/de\/wp-json\/wp\/v2\/posts\/768320\/revisions"}],"wp:featuredmedia":[{"embeddable":true,"href":"https:\/\/dailynewshungary.com\/de\/wp-json\/wp\/v2\/media\/768321"}],"wp:attachment":[{"href":"https:\/\/dailynewshungary.com\/de\/wp-json\/wp\/v2\/media?parent=768320"}],"wp:term":[{"taxonomy":"category","embeddable":true,"href":"https:\/\/dailynewshungary.com\/de\/wp-json\/wp\/v2\/categories?post=768320"},{"taxonomy":"post_tag","embeddable":true,"href":"https:\/\/dailynewshungary.com\/de\/wp-json\/wp\/v2\/tags?post=768320"}],"curies":[{"name":"wp","href":"https:\/\/api.w.org\/{rel}","templated":true}]}}