{"id":768322,"date":"2015-04-28T13:58:34","date_gmt":"2015-04-28T11:58:34","guid":{"rendered":"https:\/\/dailynewshungary.com\/de\/militarischer-nationaler-sicherheitsdienst-zur-prufung-von-drohungen-gegen-jobbik-papier\/"},"modified":"2015-04-28T13:58:34","modified_gmt":"2015-04-28T11:58:34","slug":"militarischer-nationaler-sicherheitsdienst-zur-prufung-von-drohungen-gegen-jobbik-papier","status":"publish","type":"post","link":"https:\/\/dailynewshungary.com\/de\/militarischer-nationaler-sicherheitsdienst-zur-prufung-von-drohungen-gegen-jobbik-papier\/","title":{"rendered":"Milit\u00e4rischer nationaler Sicherheitsdienst zur Pr\u00fcfung von Drohungen gegen Jobbik \u2013 Papier"},"content":{"rendered":"<p style=\"text-align: center;\"><strong>Budapest, 28. April (MTI) (MTI) Die Meinung des milit\u00e4rischen Nationalen Sicherheitsdienstes wird nach der Drohung einer bewaffneten Organisation ukrainischer Nationalisten gegen den radikalen Nationalisten Jobbik und die Jugendbewegung der Vierundsechzig Landkreise (HVIM), die Wirtschaftszeitung Napi, gefragt Gazdasag sagte am Dienstag unter Berufung auf Zsolt Molnar, den sozialistischen Vorsitzenden des Ausschusses f\u00fcr nationale Sicherheit des Parlaments.<\/strong><\/p>\n<p>&nbsp;&nbsp; In einer auf Social-Media-Seiten ver\u00f6ffentlichten Erkl\u00e4rung hat die Organisation namens Karpatska Sitsh damit gedroht, in der Ukraine t\u00e4tige Mitglieder von Jobbik und HVIM hinzurichten, denen sie vorwirft, die Autorit\u00e4t des ukrainischen Staates zu untergraben.<\/p>\n<p><em>Basierend auf dem Artikel von MTI<\/em><\/p>\n<p><em>Foto: jobbik.hu<\/em><\/p>\n","protected":false},"excerpt":{"rendered":"<p>Budapest, 28. April (MTI) (MTI) Die Meinung des milit\u00e4rischen Nationalen Sicherheitsdienstes wird nach der Drohung einer bewaffneten Organisation ukrainischer Nationalisten gegen den radikalen Nationalisten Jobbik und die Jugendbewegung der Vierundsechzig Landkreise (HVIM), die Wirtschaftszeitung Napi, gefragt Gazdasag sagte am Dienstag unter Berufung auf Zsolt Molnar, den sozialistischen Vorsitzenden des Ausschusses f\u00fcr nationale Sicherheit des Parlaments. [&hellip;]<\/p>\n","protected":false},"author":3,"featured_media":768323,"comment_status":"open","ping_status":"open","sticky":false,"template":"","format":"standard","meta":{"_acf_changed":false,"_display_image":"","footnotes":""},"categories":[1081],"tags":[1632],"class_list":["post-768322","post","type-post","status-publish","format-standard","has-post-thumbnail","hentry","category-politik","tag-jobbik"],"blocksy_meta":[],"acf":[],"author_username":"becsi","telegram_post":"","public_post_metadata":{"breaking_news":"","important":"","csempe":"","center_tile":"","disable_thumbnail":"","target_lang":"","_featured_image_style":"","telegram_post":"","_xlat_group_id":""},"public_rank_math_data":{"title":"%title% %sep% %sitename%","description":"","focus_keyword":"","canonical_url":"","robots":"","primary_category":"1081","breadcrumb_title":"","facebook_title":"","facebook_description":"","facebook_image":"","facebook_image_id":"","twitter_title":"","twitter_description":"","twitter_image":"","twitter_image_id":"","twitter_card_type":"","twitter_use_facebook":"","advanced_robots":"","pillar_content":"","seo_score":"","contentai_score":"","rich_snippet":""},"_links":{"self":[{"href":"https:\/\/dailynewshungary.com\/de\/wp-json\/wp\/v2\/posts\/768322","targetHints":{"allow":["GET"]}}],"collection":[{"href":"https:\/\/dailynewshungary.com\/de\/wp-json\/wp\/v2\/posts"}],"about":[{"href":"https:\/\/dailynewshungary.com\/de\/wp-json\/wp\/v2\/types\/post"}],"author":[{"embeddable":true,"href":"https:\/\/dailynewshungary.com\/de\/wp-json\/wp\/v2\/users\/3"}],"replies":[{"embeddable":true,"href":"https:\/\/dailynewshungary.com\/de\/wp-json\/wp\/v2\/comments?post=768322"}],"version-history":[{"count":0,"href":"https:\/\/dailynewshungary.com\/de\/wp-json\/wp\/v2\/posts\/768322\/revisions"}],"wp:featuredmedia":[{"embeddable":true,"href":"https:\/\/dailynewshungary.com\/de\/wp-json\/wp\/v2\/media\/768323"}],"wp:attachment":[{"href":"https:\/\/dailynewshungary.com\/de\/wp-json\/wp\/v2\/media?parent=768322"}],"wp:term":[{"taxonomy":"category","embeddable":true,"href":"https:\/\/dailynewshungary.com\/de\/wp-json\/wp\/v2\/categories?post=768322"},{"taxonomy":"post_tag","embeddable":true,"href":"https:\/\/dailynewshungary.com\/de\/wp-json\/wp\/v2\/tags?post=768322"}],"curies":[{"name":"wp","href":"https:\/\/api.w.org\/{rel}","templated":true}]}}