{"id":768326,"date":"2015-04-28T10:00:48","date_gmt":"2015-04-28T08:00:48","guid":{"rendered":"https:\/\/dailynewshungary.com\/de\/orban-nennt-sozialisten-heuchlerisch-gegenuber-dem-vorschlag-zur-mehrwertsteuersenkung\/"},"modified":"2015-04-28T10:00:48","modified_gmt":"2015-04-28T08:00:48","slug":"orban-nennt-sozialisten-heuchlerisch-gegenuber-dem-vorschlag-zur-mehrwertsteuersenkung","status":"publish","type":"post","link":"https:\/\/dailynewshungary.com\/de\/orban-nennt-sozialisten-heuchlerisch-gegenuber-dem-vorschlag-zur-mehrwertsteuersenkung\/","title":{"rendered":"Orban nennt Sozialisten heuchlerisch gegen\u00fcber dem Vorschlag zur Mehrwertsteuersenkung"},"content":{"rendered":"<p><strong>Budapest, 27. April (MTI) \u201eMinisterpr\u00e4sident Viktor Orban im Parlament hat am Montag einen sozialistischen Vorschlag zur Senkung der Mehrwertsteuer auf einige Produkte abgelehnt und die Oppositionspartei \u201ehypokritisch\u201cbezeichnet.<\/strong><\/p>\n<p>Die Sozialisten wollen \u201cgenau die Mehrwertsteuer senken, die sie hochhimmelig erhoben haben\u201d, beharrte Orban und reagierte damit auf einen Vorschlag des sozialistischen Abgeordneten Zoltan Gogos, die Mehrwertsteuer auf Produkte zu senken, anstatt die Einkommensteuer f\u00fcr Personen im Jahr 2016 zu senkenGogos argumentierte, dass sein Vorschlag Niedrigverdienern helfen und den Schwarzmarkt bek\u00e4mpfen w\u00fcrde.<\/p>\n<p>Der radikal-nationalistische Jobbik-Abgeordnete Daniel Z Karpat nannte Ungarns 27-prozentige Mehrwertsteuer \u201cden Motor der illegalen Wirtschaft\u201d, der auch die \u00c4rmsten belastetEr wiederholte den Vorschlag seiner Partei, die Mehrwertsteuer f\u00fcr Grundnahrungsmittel und Produkte f\u00fcr Kinder auf 5 Prozent zu senken.<\/p>\n<p>Der Premierminister antwortete, dass die Regierung versuche, die Steuern auf den Konsum statt auf die Arbeit zu konzentrieren. Er bestand darauf, dass eine Senkung der Steuern auf Arbeit und die \u00dcberzeugung der Menschen, dass \u201ees sich lohnt zu arbeiten\u201cvon entscheidender Bedeutung sei, um das Ziel der Regierung, die Arbeitslosigkeit vollst\u00e4ndig zu beseitigen, zu erreichen.<\/p>\n<p>In seiner Antwort auf eine Frage eines anderen Jobbik-Abgeordneten zu den L\u00f6hnen von Krankenschwestern sagte Orban, dass die Regierung zwischen 2011 und 2013 die Geh\u00e4lter von rund 75.000 Krankenschwestern und \u00c4rzten in diesem Sektor um etwa 25 Prozent erh\u00f6ht habe.<\/p>\n<p><em>Basierend auf dem Artikel von MTI<\/em><\/p>\n<p><em>Foto: MTI<\/em><\/p>\n","protected":false},"excerpt":{"rendered":"<p>Budapest, 27. April (MTI) \u201eMinisterpr\u00e4sident Viktor Orban im Parlament hat am Montag einen sozialistischen Vorschlag zur Senkung der Mehrwertsteuer auf einige Produkte abgelehnt und die Oppositionspartei \u201ehypokritisch\u201cbezeichnet. Die Sozialisten wollen \u201cgenau die Mehrwertsteuer senken, die sie hochhimmelig erhoben haben\u201d, beharrte Orban und reagierte damit auf einen Vorschlag des sozialistischen Abgeordneten Zoltan Gogos, die Mehrwertsteuer auf [&hellip;]<\/p>\n","protected":false},"author":3,"featured_media":768327,"comment_status":"open","ping_status":"open","sticky":false,"template":"","format":"standard","meta":{"_acf_changed":false,"_display_image":"","footnotes":""},"categories":[1081],"tags":[1695,1128],"class_list":["post-768326","post","type-post","status-publish","format-standard","has-post-thumbnail","hentry","category-politik","tag-sozialisten","tag-viktor-orban"],"blocksy_meta":[],"acf":[],"author_username":"becsi","telegram_post":"","public_post_metadata":{"breaking_news":"","important":"","csempe":"","center_tile":"","disable_thumbnail":"","target_lang":"","_featured_image_style":"","telegram_post":"","_xlat_group_id":""},"public_rank_math_data":{"title":"%title% %sep% %sitename%","description":"","focus_keyword":"","canonical_url":"","robots":"","primary_category":"1081","breadcrumb_title":"","facebook_title":"","facebook_description":"","facebook_image":"","facebook_image_id":"","twitter_title":"","twitter_description":"","twitter_image":"","twitter_image_id":"","twitter_card_type":"","twitter_use_facebook":"","advanced_robots":"","pillar_content":"","seo_score":"","contentai_score":"","rich_snippet":""},"_links":{"self":[{"href":"https:\/\/dailynewshungary.com\/de\/wp-json\/wp\/v2\/posts\/768326","targetHints":{"allow":["GET"]}}],"collection":[{"href":"https:\/\/dailynewshungary.com\/de\/wp-json\/wp\/v2\/posts"}],"about":[{"href":"https:\/\/dailynewshungary.com\/de\/wp-json\/wp\/v2\/types\/post"}],"author":[{"embeddable":true,"href":"https:\/\/dailynewshungary.com\/de\/wp-json\/wp\/v2\/users\/3"}],"replies":[{"embeddable":true,"href":"https:\/\/dailynewshungary.com\/de\/wp-json\/wp\/v2\/comments?post=768326"}],"version-history":[{"count":0,"href":"https:\/\/dailynewshungary.com\/de\/wp-json\/wp\/v2\/posts\/768326\/revisions"}],"wp:featuredmedia":[{"embeddable":true,"href":"https:\/\/dailynewshungary.com\/de\/wp-json\/wp\/v2\/media\/768327"}],"wp:attachment":[{"href":"https:\/\/dailynewshungary.com\/de\/wp-json\/wp\/v2\/media?parent=768326"}],"wp:term":[{"taxonomy":"category","embeddable":true,"href":"https:\/\/dailynewshungary.com\/de\/wp-json\/wp\/v2\/categories?post=768326"},{"taxonomy":"post_tag","embeddable":true,"href":"https:\/\/dailynewshungary.com\/de\/wp-json\/wp\/v2\/tags?post=768326"}],"curies":[{"name":"wp","href":"https:\/\/api.w.org\/{rel}","templated":true}]}}