{"id":768328,"date":"2015-04-28T08:05:22","date_gmt":"2015-04-28T06:05:22","guid":{"rendered":"https:\/\/dailynewshungary.com\/de\/jobbik-nicht-nsdap-sagt-der-vorsitzende\/"},"modified":"2015-04-28T08:05:22","modified_gmt":"2015-04-28T06:05:22","slug":"jobbik-nicht-nsdap-sagt-der-vorsitzende","status":"publish","type":"post","link":"https:\/\/dailynewshungary.com\/de\/jobbik-nicht-nsdap-sagt-der-vorsitzende\/","title":{"rendered":"Jobbik nicht NSDAP, sagt der Vorsitzende"},"content":{"rendered":"<div class=\"bodyNews\" style=\"text-align: center;\"><span id=\"ctl00_ContentPlaceHolder1_ctrlNewsControl_lbLead\"> <\/span><strong>Budapest, 27. April (MTI) \u2013 Der radikale Nationalist Jobbik ist keine NSDAP und wird auch nicht mit der [ungarischen Nazi-]Pfeilkreuzbewegung in Verbindung gebracht, sagte der Parteivorsitzende am Montag.<\/strong><\/div>\n<div class=\"bodyNews\" style=\"text-align: center;\"><\/div>\n<div class=\"bodyNews\" style=\"text-align: justify;\">Vielmehr handele es sich um eine Volkspartei, die es ablehne, von ihren Gegnern \u201ein politische Quarant\u00e4ne\u201ceingereicht zu werden, sagte Gabor Vona auf einer Pressekonferenz in Gyongyos im Norden Ungarns.<\/p>\n<p style=\"text-align: justify;\">&nbsp;&nbsp; Der j\u00fcngste Sieg der Partei bei der lokalen Nachwahl von Tapolca sei ein Meilenstein in den letzten 25 Jahren gewesen, sagte er und bestand darauf, dass Tapolca die Generalprobe f\u00fcr die Parlamentswahlen 2018 sei.<\/p>\n<p style=\"text-align: justify;\">&nbsp;&nbsp; Tapolca sei das erste Mal, dass Jobbik ein Einzelmandat erwirbt, und es sei das erste Mal, dass eine Partei, die 1990 nicht an der \u00c4nderung des politischen Systems beteiligt war, ein solches Mandat erwirbt, stellte er fest.<\/p>\n<p style=\"text-align: justify;\">&nbsp;&nbsp; Sowohl der regierende Fidesz als auch die oppositionellen Sozialisten versuchen, Probleme des 20. Jahrhunderts anzugehen, w\u00e4hrend Jobbik sich daran macht, die Probleme des 21. Jahrhunderts anzugehen, sagte er.<\/p>\n<p style=\"text-align: justify;\">&nbsp;&nbsp; Was die Medien als Jobbik-Trick bezeichnen, um durch eine Abschw\u00e4chung seines Tons Stimmen zu gewinnen, sei in Wirklichkeit eine echte politische Strategie, die 2013 ins Leben gerufen wurde, sagte er. Jobbik bewahrt zwar die Grundwerte seines Programms, wendet sich aber an Menschen mit einem neuen politischen Stil und einer neuen politischen Einstellung, die einen b\u00fcrgerschaftlichen Ansatz darstellt, um es f\u00fcr m\u00f6glichst breite gesellschaftliche Gruppen attraktiv zu machen.<\/p>\n<p style=\"text-align: justify;\">&nbsp;&nbsp; \u201eDas Wesen von Jobbik als Volkspartei basiert auf einem entschlossenen Programm und einer ruhigen Kraft..\u201csagte Vona und f\u00fcgte hinzu, dass Menschen, die neidisch auf Jobbiks Erfolg sind, es eine NSDAP nennen, aber solche Behauptungen haben ihr Mindesthaltbarkeitsdatum \u00fcberschritten, f\u00fcgte er hinzu.<\/p>\n<p style=\"text-align: justify;\">&nbsp;&nbsp; \u201cSie f\u00fchren nirgendwo hin, wie der Erfolg von Tapolca bereits bewiesen hat\u201d, sagte er \u201cEs gab inakzeptable und unerw\u00fcnschte Filialen, aber diese werden von Jobbik beschnitten\u201d, sagte Vona. Das Wesentliche einer Partei ergibt sich aus ihrem Programm und den Aussagen ihrer F\u00fchrer, nicht aus ein paar Facebook-Eintr\u00e4gen einiger ihrer Mitglieder, f\u00fcgte er hinzu.<\/p>\n<p style=\"text-align: justify;\"><em>Basierend auf dem Artikel von MTI<\/em><\/p>\n<p style=\"text-align: justify;\"><em>Foto: MTI<\/em><\/p>\n<\/div>\n","protected":false},"excerpt":{"rendered":"<p>Budapest, 27. April (MTI) \u2013 Der radikale Nationalist Jobbik ist keine NSDAP und wird auch nicht mit der [ungarischen Nazi-]Pfeilkreuzbewegung in Verbindung gebracht, sagte der Parteivorsitzende am Montag. Vielmehr handele es sich um eine Volkspartei, die es ablehne, von ihren Gegnern \u201ein politische Quarant\u00e4ne\u201ceingereicht zu werden, sagte Gabor Vona auf einer Pressekonferenz in Gyongyos im [&hellip;]<\/p>\n","protected":false},"author":3,"featured_media":768329,"comment_status":"open","ping_status":"open","sticky":false,"template":"","format":"standard","meta":{"_acf_changed":false,"_display_image":"","footnotes":""},"categories":[1081],"tags":[1632],"class_list":["post-768328","post","type-post","status-publish","format-standard","has-post-thumbnail","hentry","category-politik","tag-jobbik"],"blocksy_meta":[],"acf":[],"author_username":"becsi","telegram_post":"","public_post_metadata":{"breaking_news":"","important":"","csempe":"","center_tile":"","disable_thumbnail":"","target_lang":"","_featured_image_style":"","telegram_post":"","_xlat_group_id":""},"public_rank_math_data":{"title":"%title% %sep% %sitename%","description":"","focus_keyword":"","canonical_url":"","robots":"","primary_category":"1081","breadcrumb_title":"","facebook_title":"","facebook_description":"","facebook_image":"","facebook_image_id":"","twitter_title":"","twitter_description":"","twitter_image":"","twitter_image_id":"","twitter_card_type":"","twitter_use_facebook":"","advanced_robots":"","pillar_content":"","seo_score":"","contentai_score":"","rich_snippet":""},"_links":{"self":[{"href":"https:\/\/dailynewshungary.com\/de\/wp-json\/wp\/v2\/posts\/768328","targetHints":{"allow":["GET"]}}],"collection":[{"href":"https:\/\/dailynewshungary.com\/de\/wp-json\/wp\/v2\/posts"}],"about":[{"href":"https:\/\/dailynewshungary.com\/de\/wp-json\/wp\/v2\/types\/post"}],"author":[{"embeddable":true,"href":"https:\/\/dailynewshungary.com\/de\/wp-json\/wp\/v2\/users\/3"}],"replies":[{"embeddable":true,"href":"https:\/\/dailynewshungary.com\/de\/wp-json\/wp\/v2\/comments?post=768328"}],"version-history":[{"count":0,"href":"https:\/\/dailynewshungary.com\/de\/wp-json\/wp\/v2\/posts\/768328\/revisions"}],"wp:featuredmedia":[{"embeddable":true,"href":"https:\/\/dailynewshungary.com\/de\/wp-json\/wp\/v2\/media\/768329"}],"wp:attachment":[{"href":"https:\/\/dailynewshungary.com\/de\/wp-json\/wp\/v2\/media?parent=768328"}],"wp:term":[{"taxonomy":"category","embeddable":true,"href":"https:\/\/dailynewshungary.com\/de\/wp-json\/wp\/v2\/categories?post=768328"},{"taxonomy":"post_tag","embeddable":true,"href":"https:\/\/dailynewshungary.com\/de\/wp-json\/wp\/v2\/tags?post=768328"}],"curies":[{"name":"wp","href":"https:\/\/api.w.org\/{rel}","templated":true}]}}