{"id":768336,"date":"2015-04-27T13:58:00","date_gmt":"2015-04-27T11:58:00","guid":{"rendered":"https:\/\/dailynewshungary.com\/de\/demonstranten-fordern-offentlichen-dialog-uber-bildungspolitik\/"},"modified":"2015-04-27T13:58:00","modified_gmt":"2015-04-27T11:58:00","slug":"demonstranten-fordern-offentlichen-dialog-uber-bildungspolitik","status":"publish","type":"post","link":"https:\/\/dailynewshungary.com\/de\/demonstranten-fordern-offentlichen-dialog-uber-bildungspolitik\/","title":{"rendered":"Demonstranten fordern \u00f6ffentlichen Dialog \u00fcber Bildungspolitik"},"content":{"rendered":"<p><strong>Budapest (MTI) \u2013 Teilnehmer einer von der Facebook-Gruppe Freie Bildung organisierten Demonstration forderten, dass die Regierung am Sonntag in Budapest einen Dialog mit allen betroffenen Parteien \u00fcber die Bildungspolitik Ungarns aufnimmt.<\/strong><\/p>\n<p>Peter Szarvas, ein Lehrer und einer der Organisatoren der Demo mit dem Namen \u201eKann es nicht mehr ertragen\u201csagte rund 200 Demonstranten, dass die Regierung Lehrer und Sch\u00fcler sowohl im Sekundar- als auch im Hochschulbereich konsultieren m\u00fcsse.<\/p>\n<p>In seiner Ansprache an die Demonstration forderte ein Sch\u00fcler der Sekundarstufe, dass die Regierung \u201cSchulen statt Sportstadien\u201d bauen solle, und forderte mehr Freiheit f\u00fcr die Schulen bei der Auswahl ihrer Lehrb\u00fccher.<\/p>\n<p>Die Demonstranten kritisierten auch den j\u00fcngsten Plan der Regierung, eine nationale Konsultation zum Thema Fl\u00fcchtlinge einzuleiten. Die R\u00fccksendung der Frageb\u00f6gen w\u00fcrde gleichbedeutend damit sein, dass Ungarn \u201eden Weg zum Nationalsozialismus weiter vorantreibt\u201csagte ein Aktivist.<\/p>\n<p>Die Protestierenden, die nationale und Flaggen der Europ\u00e4ischen Union schwenkten, hielten Schilder hoch wie \u201cehrliche Einsch\u00e4tzung, keine L\u00fcgen\u201d.<\/p>\n<p><em>Basierend auf dem Artikel von MTI<\/em><\/p>\n<p><em>Foto: MTI<\/em><\/p>\n<p>&nbsp;<\/p>\n","protected":false},"excerpt":{"rendered":"<p>Budapest (MTI) \u2013 Teilnehmer einer von der Facebook-Gruppe Freie Bildung organisierten Demonstration forderten, dass die Regierung am Sonntag in Budapest einen Dialog mit allen betroffenen Parteien \u00fcber die Bildungspolitik Ungarns aufnimmt. Peter Szarvas, ein Lehrer und einer der Organisatoren der Demo mit dem Namen \u201eKann es nicht mehr ertragen\u201csagte rund 200 Demonstranten, dass die Regierung [&hellip;]<\/p>\n","protected":false},"author":3,"featured_media":768337,"comment_status":"open","ping_status":"open","sticky":false,"template":"","format":"standard","meta":{"_acf_changed":false,"_display_image":"","footnotes":""},"categories":[1081],"tags":[1266],"class_list":["post-768336","post","type-post","status-publish","format-standard","has-post-thumbnail","hentry","category-politik","tag-demonstration"],"blocksy_meta":[],"acf":[],"author_username":"becsi","telegram_post":"","public_post_metadata":{"breaking_news":"","important":"","csempe":"","center_tile":"","disable_thumbnail":"","target_lang":"","_featured_image_style":"","telegram_post":"","_xlat_group_id":""},"public_rank_math_data":{"title":"%title% %sep% %sitename%","description":"","focus_keyword":"","canonical_url":"","robots":"","primary_category":"1081","breadcrumb_title":"","facebook_title":"","facebook_description":"","facebook_image":"","facebook_image_id":"","twitter_title":"","twitter_description":"","twitter_image":"","twitter_image_id":"","twitter_card_type":"","twitter_use_facebook":"","advanced_robots":"","pillar_content":"","seo_score":"","contentai_score":"","rich_snippet":""},"_links":{"self":[{"href":"https:\/\/dailynewshungary.com\/de\/wp-json\/wp\/v2\/posts\/768336","targetHints":{"allow":["GET"]}}],"collection":[{"href":"https:\/\/dailynewshungary.com\/de\/wp-json\/wp\/v2\/posts"}],"about":[{"href":"https:\/\/dailynewshungary.com\/de\/wp-json\/wp\/v2\/types\/post"}],"author":[{"embeddable":true,"href":"https:\/\/dailynewshungary.com\/de\/wp-json\/wp\/v2\/users\/3"}],"replies":[{"embeddable":true,"href":"https:\/\/dailynewshungary.com\/de\/wp-json\/wp\/v2\/comments?post=768336"}],"version-history":[{"count":0,"href":"https:\/\/dailynewshungary.com\/de\/wp-json\/wp\/v2\/posts\/768336\/revisions"}],"wp:featuredmedia":[{"embeddable":true,"href":"https:\/\/dailynewshungary.com\/de\/wp-json\/wp\/v2\/media\/768337"}],"wp:attachment":[{"href":"https:\/\/dailynewshungary.com\/de\/wp-json\/wp\/v2\/media?parent=768336"}],"wp:term":[{"taxonomy":"category","embeddable":true,"href":"https:\/\/dailynewshungary.com\/de\/wp-json\/wp\/v2\/categories?post=768336"},{"taxonomy":"post_tag","embeddable":true,"href":"https:\/\/dailynewshungary.com\/de\/wp-json\/wp\/v2\/tags?post=768336"}],"curies":[{"name":"wp","href":"https:\/\/api.w.org\/{rel}","templated":true}]}}