{"id":768344,"date":"2015-04-26T18:30:23","date_gmt":"2015-04-26T16:30:23","guid":{"rendered":"https:\/\/dailynewshungary.com\/de\/kombination-aus-inlandischer-eu-finanzierung-fur-neue-autobahnen\/"},"modified":"2015-04-26T18:30:23","modified_gmt":"2015-04-26T16:30:23","slug":"kombination-aus-inlandischer-eu-finanzierung-fur-neue-autobahnen","status":"publish","type":"post","link":"https:\/\/dailynewshungary.com\/de\/kombination-aus-inlandischer-eu-finanzierung-fur-neue-autobahnen\/","title":{"rendered":"Kombination aus inl\u00e4ndischer EU-Finanzierung f\u00fcr neue Autobahnen"},"content":{"rendered":"<p><strong>Budapest, 25. April (MTI) (Im Finanzierungszeitraum 2014-2020 werden 300 Milliarden Forint (1 Mrd. EUR) der Mittel der Europ\u00e4ischen Union in Stra\u00dfenmodernisierungen und -bauten investiert, sagte ein Regierungsbeamter t\u00e4glich im Samstagssender Magyar Hirlap.<\/strong><\/p>\n<p>Zsolt Becsey, stellvertretender Staatssekret\u00e4r f\u00fcr Verkehr im Ministerium f\u00fcr nationale Entwicklung, sagte dem Papier, dass es nicht nur um EU-Mittel, sondern auch um Gelder aus dem ungarischen Haushalt gehen werde. Die Regierung beschloss im Januar, 750 Milliarden Forint (2,5 Mrd. EUR) f\u00fcr den Ausbau des ungarischen Autobahn- und Autobahnnetzes bereitzustellen, bemerkte er.<\/p>\n<p>Er sagte jedoch, dass die Finanzierung des zuvor geplanten Baus des Nordabschnitts des Autobahnringes M0 um Budapest aufgrund begrenzter Ressourcen im aktuellen Haushaltszyklus nicht erfolgen w\u00fcrde. Dennoch w\u00fcrden die Vorbereitungen f\u00fcr das Projekt unter ungarischer Finanzierung noch fortgesetzt, f\u00fcgte er hinzuDas M0-Projekt sei aufgrund von Umweltherausforderungen und Schwierigkeiten aufgrund des h\u00fcgeligen Gel\u00e4ndes insbesondere sehr teuer, sagte er.<\/p>\n<p>Ebenso sei der Ausbau der Autobahn M1 mit einer Verbreiterung der Stra\u00dfe vorerst nicht finanzierbar, sagte er \u201cDa es sehr wichtig ist, den richtig wachsenden Verkehr zu bew\u00e4ltigen, suchen wir auch in diesem Abschnitt kontinuierlich nach M\u00f6glichkeiten, ihn zu erweitern\u201d, f\u00fcgte Becsey hinzu.<\/p>\n<p><em>Foto: MTI<\/em><\/p>\n","protected":false},"excerpt":{"rendered":"<p>Budapest, 25. April (MTI) (Im Finanzierungszeitraum 2014-2020 werden 300 Milliarden Forint (1 Mrd. EUR) der Mittel der Europ\u00e4ischen Union in Stra\u00dfenmodernisierungen und -bauten investiert, sagte ein Regierungsbeamter t\u00e4glich im Samstagssender Magyar Hirlap. Zsolt Becsey, stellvertretender Staatssekret\u00e4r f\u00fcr Verkehr im Ministerium f\u00fcr nationale Entwicklung, sagte dem Papier, dass es nicht nur um EU-Mittel, sondern auch um [&hellip;]<\/p>\n","protected":false},"author":2,"featured_media":768345,"comment_status":"open","ping_status":"open","sticky":false,"template":"","format":"standard","meta":{"_acf_changed":false,"_display_image":"","footnotes":""},"categories":[1281],"tags":[1297],"class_list":["post-768344","post","type-post","status-publish","format-standard","has-post-thumbnail","hentry","category-geschaft","tag-transport"],"blocksy_meta":[],"acf":[],"author_username":"alk","telegram_post":"","public_post_metadata":{"breaking_news":"","important":"","csempe":"","center_tile":"","disable_thumbnail":"","target_lang":"","_featured_image_style":"","telegram_post":"","_xlat_group_id":""},"public_rank_math_data":{"title":"%title% %sep% %sitename%","description":"","focus_keyword":"","canonical_url":"","robots":"","primary_category":"1281","breadcrumb_title":"","facebook_title":"","facebook_description":"","facebook_image":"","facebook_image_id":"","twitter_title":"","twitter_description":"","twitter_image":"","twitter_image_id":"","twitter_card_type":"","twitter_use_facebook":"","advanced_robots":"","pillar_content":"","seo_score":"","contentai_score":"","rich_snippet":""},"_links":{"self":[{"href":"https:\/\/dailynewshungary.com\/de\/wp-json\/wp\/v2\/posts\/768344","targetHints":{"allow":["GET"]}}],"collection":[{"href":"https:\/\/dailynewshungary.com\/de\/wp-json\/wp\/v2\/posts"}],"about":[{"href":"https:\/\/dailynewshungary.com\/de\/wp-json\/wp\/v2\/types\/post"}],"author":[{"embeddable":true,"href":"https:\/\/dailynewshungary.com\/de\/wp-json\/wp\/v2\/users\/2"}],"replies":[{"embeddable":true,"href":"https:\/\/dailynewshungary.com\/de\/wp-json\/wp\/v2\/comments?post=768344"}],"version-history":[{"count":0,"href":"https:\/\/dailynewshungary.com\/de\/wp-json\/wp\/v2\/posts\/768344\/revisions"}],"wp:featuredmedia":[{"embeddable":true,"href":"https:\/\/dailynewshungary.com\/de\/wp-json\/wp\/v2\/media\/768345"}],"wp:attachment":[{"href":"https:\/\/dailynewshungary.com\/de\/wp-json\/wp\/v2\/media?parent=768344"}],"wp:term":[{"taxonomy":"category","embeddable":true,"href":"https:\/\/dailynewshungary.com\/de\/wp-json\/wp\/v2\/categories?post=768344"},{"taxonomy":"post_tag","embeddable":true,"href":"https:\/\/dailynewshungary.com\/de\/wp-json\/wp\/v2\/tags?post=768344"}],"curies":[{"name":"wp","href":"https:\/\/api.w.org\/{rel}","templated":true}]}}