{"id":768358,"date":"2015-04-26T03:22:18","date_gmt":"2015-04-26T01:22:18","guid":{"rendered":"https:\/\/dailynewshungary.com\/de\/kover-fordert-ruhige-regierungsfuhrung\/"},"modified":"2015-04-26T03:22:18","modified_gmt":"2015-04-26T01:22:18","slug":"kover-fordert-ruhige-regierungsfuhrung","status":"publish","type":"post","link":"https:\/\/dailynewshungary.com\/de\/kover-fordert-ruhige-regierungsfuhrung\/","title":{"rendered":"Kover fordert \u201cruhige Regierungsf\u00fchrung\u201d"},"content":{"rendered":"<p><strong>Budapest, 25. April (MTI) \u201eIn Ungarn ist eine gelassene und n\u00fcchterne Regierungsf\u00fchrung erforderlich, und es muss eine Linie unter den \u201eextremen Bedingungen\u201cder Periode 2010-2014 gezogen werden, sagte Parlamentspr\u00e4sident Laszlo Kover am Samstag.<\/strong><\/p>\n<p>Bei einer Sitzung \u00fcber den ungarischen Verband f\u00fcr zivile Zusammenarbeit (MPPE) sagte Kover, die Aufgabe der Regierung sei es, Entscheidungen gut \u00fcberlegt, vorbereitet und ausgereift umzusetzen und sie richtig zu kommunizierenDas Kabinett konnte dies bisher nicht erreichen, und so ist Fidesz aus diesen Gr\u00fcnden anf\u00e4llig f\u00fcr Kritik Gleichzeitig gebe es in der ungarischen Geschichte nur wenige gr\u00f6\u00dfere Erfolge als in den vergangenen vier Jahrenf\u00fcgte er hinzu.<\/p>\n<p>\u201cIch m\u00f6chte nicht sagen, dass keine Fehler gemacht wurden, egal ob sie in der Gemeinschaft sind oder von mir selbst begangen wurden\u201d, sagte Kover \u201cOder in dieser Angelegenheit von Premierminister Viktor Orban und regierenden Fidesz-Politikern.\u201d<\/p>\n<p>\u201cIch will keine Ausreden finden und die Lehren m\u00fcssen gezogen werden\u201d, sagte er und f\u00fcgte hinzu, dass der Fehler, in Panik und Hysterie zu verfallen, vermieden werden sollte \u201cSonst ist es f\u00fcr uns vorbei\u201d<\/p>\n<p>\u201cSchlie\u00dfen Sie die T\u00fcren und Fenster, schalten Sie Fernsehen und Radio aus und denken Sie dar\u00fcber nach, wo wir sind, wo wir in den letzten f\u00fcnf Jahren hingekommen sind und was wir bis 2018 noch erreichen m\u00fcssen\u201d, sagte er und bezog sich dabei auf das Jahr der n\u00e4chsten Parlamentswahlen \u201cWenn wir dazu in der Lage sind, dann wird sich herausstellen, worum es bei den politischen Auseinandersetzungen geht&#8230; Auf dem Spiel steht das Schicksal des Landes und der Nation, und dieses Schicksal entscheidet der Akt der Regierungsf\u00fchrung\u201d, sagte Kover.<\/p>\n<p>Er bezog sich auf das Jahr, in dem Fidesz 2002 zum Ende seiner ersten Amtszeit an der Macht kam, und warnte davor, dass die Partei nicht nur regieren, sondern sich auch politisch engagieren m\u00fcsse. \u201eSo kann die Wahl 2018 gewonnen werden, was bedeutet, dass weitere vier Jahre zum Erfolg der letzten f\u00fcnf Jahre beigetragen haben.\u201csagte er, verwies auf die Familienpolitik, den Abbau des Schuldenstands und die Aufrechterhaltung des hohen Investitionsniveaus, wobei letzteres, wie er sagte, in den letzten 17 Jahren einen Rekord aufgestellt habe.<\/p>\n<p>Zum Thema Sonntagsladenschlie\u00dfungen sagte er, Ma\u00dfnahmen seien nicht aus einer Laune heraus oder zum \u201cKnochenwerfen\u201d der mitregierenden Christdemokraten eingef\u00fchrt worden, die sich stark f\u00fcr die Beschr\u00e4nkungen eingesetzt h\u00e4ttenDer Redner bestand darauf, dass es feste soziale und wirtschaftliche \u00dcberlegungen f\u00fcr den Umzug gebe.<\/p>\n<p>Ohne Namen zu nennen, sagte Kover, es gebe einen Fidesz-Politiker, \u201cder, wie sich herausstellt, als relativ jung, ein Verm\u00f6gen hat\u201d Er verspottete die Ansicht, dass ein Politiker, wenn er ein Verm\u00f6gen hat, automatisch als anr\u00fcchig gilt.<\/p>\n<p>\u201cWenn jemand 25 Jahre nach dem Wandel des politischen Systems sagt, dass es nicht m\u00f6glich ist, einen respektablen Weg zu beschreiten und sich ein anst\u00e4ndiges Verm\u00f6gen der Mittelschicht zu sichern, w\u00e4re dies die schwerste Anklage gegen den Wandel des politischen Systems\u201d, sagte Kover und f\u00fcgte hinzu, dass \u201ces \u00fcberhaupt keinen Sinn mit der ganzen Sache h\u00e4tte\u201d<\/p>\n<p>Zoltan Balog, Minister f\u00fcr Humanressourcen (Christdemokrat), sagte dem Treffen, dass der Ausgangspunkt der vergangenen 25 Jahre der Wunsch gewesen sei, nicht \u201cL\u00fcgen und hinterh\u00e4ltige Wege\u201d zu verfolgen oder die T\u00e4uschung von sich selbst oder anderenEs gab den Wunsch nach Freiheit und geradlinigem Gerede, sagte erUngarn d\u00fcrfe nicht in dem f\u00fcr die Zeit 1948-1990 typischen bedr\u00fcckenden und sch\u00e4dlichen Erbe stecken bleiben, f\u00fcgte Balog hinzu.<\/p>\n<p>Ziel ist es, eine Gesellschaft zu schaffen, die auf b\u00fcrgerlichen Werten basiert; ein Land, in dem Menschen in Freiheit leben und verantwortungsbewusst leben k\u00f6nnen.<\/p>\n<p><em>Foto: MTI<\/em><\/p>\n","protected":false},"excerpt":{"rendered":"<p>Budapest, 25. April (MTI) \u201eIn Ungarn ist eine gelassene und n\u00fcchterne Regierungsf\u00fchrung erforderlich, und es muss eine Linie unter den \u201eextremen Bedingungen\u201cder Periode 2010-2014 gezogen werden, sagte Parlamentspr\u00e4sident Laszlo Kover am Samstag. Bei einer Sitzung \u00fcber den ungarischen Verband f\u00fcr zivile Zusammenarbeit (MPPE) sagte Kover, die Aufgabe der Regierung sei es, Entscheidungen gut \u00fcberlegt, vorbereitet [&hellip;]<\/p>\n","protected":false},"author":2,"featured_media":768359,"comment_status":"open","ping_status":"open","sticky":false,"template":"","format":"standard","meta":{"_acf_changed":false,"_display_image":"","footnotes":""},"categories":[1081],"tags":[1066],"class_list":["post-768358","post","type-post","status-publish","format-standard","has-post-thumbnail","hentry","category-politik","tag-hungary"],"blocksy_meta":[],"acf":[],"author_username":"alk","telegram_post":"","public_post_metadata":{"breaking_news":"","important":"","csempe":"","center_tile":"","disable_thumbnail":"","target_lang":"","_featured_image_style":"","telegram_post":"","_xlat_group_id":""},"public_rank_math_data":{"title":"%title% %sep% %sitename%","description":"","focus_keyword":"","canonical_url":"","robots":"","primary_category":"1081","breadcrumb_title":"","facebook_title":"","facebook_description":"","facebook_image":"","facebook_image_id":"","twitter_title":"","twitter_description":"","twitter_image":"","twitter_image_id":"","twitter_card_type":"","twitter_use_facebook":"","advanced_robots":"","pillar_content":"","seo_score":"","contentai_score":"","rich_snippet":""},"_links":{"self":[{"href":"https:\/\/dailynewshungary.com\/de\/wp-json\/wp\/v2\/posts\/768358","targetHints":{"allow":["GET"]}}],"collection":[{"href":"https:\/\/dailynewshungary.com\/de\/wp-json\/wp\/v2\/posts"}],"about":[{"href":"https:\/\/dailynewshungary.com\/de\/wp-json\/wp\/v2\/types\/post"}],"author":[{"embeddable":true,"href":"https:\/\/dailynewshungary.com\/de\/wp-json\/wp\/v2\/users\/2"}],"replies":[{"embeddable":true,"href":"https:\/\/dailynewshungary.com\/de\/wp-json\/wp\/v2\/comments?post=768358"}],"version-history":[{"count":0,"href":"https:\/\/dailynewshungary.com\/de\/wp-json\/wp\/v2\/posts\/768358\/revisions"}],"wp:featuredmedia":[{"embeddable":true,"href":"https:\/\/dailynewshungary.com\/de\/wp-json\/wp\/v2\/media\/768359"}],"wp:attachment":[{"href":"https:\/\/dailynewshungary.com\/de\/wp-json\/wp\/v2\/media?parent=768358"}],"wp:term":[{"taxonomy":"category","embeddable":true,"href":"https:\/\/dailynewshungary.com\/de\/wp-json\/wp\/v2\/categories?post=768358"},{"taxonomy":"post_tag","embeddable":true,"href":"https:\/\/dailynewshungary.com\/de\/wp-json\/wp\/v2\/tags?post=768358"}],"curies":[{"name":"wp","href":"https:\/\/api.w.org\/{rel}","templated":true}]}}