{"id":768360,"date":"2015-04-26T01:56:33","date_gmt":"2015-04-25T23:56:33","guid":{"rendered":"https:\/\/dailynewshungary.com\/de\/deutsch-halt-simicska-fur-eine-terroristin\/"},"modified":"2015-04-26T01:56:33","modified_gmt":"2015-04-25T23:56:33","slug":"deutsch-halt-simicska-fur-eine-terroristin","status":"publish","type":"post","link":"https:\/\/dailynewshungary.com\/de\/deutsch-halt-simicska-fur-eine-terroristin\/","title":{"rendered":"Deutsch h\u00e4lt Simicska f\u00fcr eine Terroristin"},"content":{"rendered":"<p><strong>Der Besitzer der verschiedenen Medien, der pl\u00f6tzlich Teil des Gegners geworden ist, hat keinen Krieg, sondern einen Terroranschlag gegen den Pr\u00e4sidenten der Fidesz begonnen, der auch ungarischer Premierminister ist, sagte der EP-Vertreter gegen\u00fcber Heti V\u00e1lasz. Er sagte, dass die Fidesz-Partei in ihrer Gegenwart nicht gut genug sei.<\/strong><\/p>\n<p>\u2018Zur R\u00fccksichtnahme habe ich mich mit den zahlreichen jammernden Erkl\u00e4rungen \u00fcberfordert\u2019, sagte Deutsch Tam\u00e1s zu Heti V\u00e1lsz, als er nach den innerparteilichen Argumenten der Partei gefragt wurdeDer EP-Vertreter machte deutlich, dass er nicht \u00fcber die Kritiken der Journalisten oder der Parteianh\u00e4nger sprach, sondern \u00fcber die Regierungspolitiker: Vielen von ihnen \u2018mangeln die F\u00e4higkeit, geistig vorbereitet zu sein\u2019.<\/p>\n<p>Hvg.hu sagte, dass Deutsch im Interview immer noch gegen die Internetbesteuerung sei, die Internetkonsultation unterst\u00fctze, er jedoch denke, dass es keinen Bedarf f\u00fcr einen internationalen Streit gebe; nicht einmal \u00fcber das Sonntagsgesetz. Er w\u00fcrdigt die Wahl der Tapolca und zitiert \u201eden Erfolg in der Politik ist Pr\u00e4senz&#8217;. Er f\u00fcgt hinzu, dass Fidesz in der Pr\u00e4senz nicht wirklich gro\u00dfartig sei. Wenn sie ihrer Verantwortung entledigen wollen, werden sie nach Ansicht von Jobbik als Partei von J\u00f6rg Haider einen gro\u00dfen Teil ihrer Basis verlieren.<\/p>\n<p>Als der Interviewer, Bir\u00f3kai G\u00e1bor (Chefredakteur), fragte, wie sich dies auf den Regierungsboykott von Fidesz, H\u00edr TV und Magyar Nemzet auswirken werde, reagierte Deutsch frei.<\/p>\n<p>\u2018Der Besitzer der verschiedenen Medien, der pl\u00f6tzlich Teil des Gegners geworden ist, hat keinen Krieg sondern einen Terroranschlag gegen den Pr\u00e4sidenten der Fidesz begonnen, der gleichzeitig ungarischer Ministerpr\u00e4sident ist Kriege haben ihre Regeln, Terroranschl\u00e4ge jedoch nicht Und wir m\u00fcssen auf jede M\u00f6glichkeit gegen Terroristen vorbereitet sein: Deshalb braucht es pr\u00e4ventive Ma\u00dfnahmen\u2019<\/p>\n<p><em>basierend auf Artikel von hvg.hu<\/em><br \/>\n<em>\u00dcbersetzung von Andrea Toth<\/em><\/p>\n<p><em>Foto: MTI<\/em><\/p>\n","protected":false},"excerpt":{"rendered":"<p>Der Besitzer der verschiedenen Medien, der pl\u00f6tzlich Teil des Gegners geworden ist, hat keinen Krieg, sondern einen Terroranschlag gegen den Pr\u00e4sidenten der Fidesz begonnen, der auch ungarischer Premierminister ist, sagte der EP-Vertreter gegen\u00fcber Heti V\u00e1lasz. Er sagte, dass die Fidesz-Partei in ihrer Gegenwart nicht gut genug sei. \u2018Zur R\u00fccksichtnahme habe ich mich mit den zahlreichen [&hellip;]<\/p>\n","protected":false},"author":2,"featured_media":768361,"comment_status":"open","ping_status":"open","sticky":false,"template":"","format":"standard","meta":{"_acf_changed":false,"_display_image":"","footnotes":""},"categories":[1081],"tags":[1091,1207],"class_list":["post-768360","post","type-post","status-publish","format-standard","has-post-thumbnail","hentry","category-politik","tag-fidesz","tag-medien"],"blocksy_meta":[],"acf":[],"author_username":"alk","telegram_post":"","public_post_metadata":{"breaking_news":"","important":"","csempe":"","center_tile":"","disable_thumbnail":"","target_lang":"","_featured_image_style":"","telegram_post":"","_xlat_group_id":""},"public_rank_math_data":{"title":"%title% %sep% %sitename%","description":"","focus_keyword":"","canonical_url":"","robots":"","primary_category":"1081","breadcrumb_title":"","facebook_title":"","facebook_description":"","facebook_image":"","facebook_image_id":"","twitter_title":"","twitter_description":"","twitter_image":"","twitter_image_id":"","twitter_card_type":"","twitter_use_facebook":"","advanced_robots":"","pillar_content":"","seo_score":"","contentai_score":"","rich_snippet":""},"_links":{"self":[{"href":"https:\/\/dailynewshungary.com\/de\/wp-json\/wp\/v2\/posts\/768360","targetHints":{"allow":["GET"]}}],"collection":[{"href":"https:\/\/dailynewshungary.com\/de\/wp-json\/wp\/v2\/posts"}],"about":[{"href":"https:\/\/dailynewshungary.com\/de\/wp-json\/wp\/v2\/types\/post"}],"author":[{"embeddable":true,"href":"https:\/\/dailynewshungary.com\/de\/wp-json\/wp\/v2\/users\/2"}],"replies":[{"embeddable":true,"href":"https:\/\/dailynewshungary.com\/de\/wp-json\/wp\/v2\/comments?post=768360"}],"version-history":[{"count":0,"href":"https:\/\/dailynewshungary.com\/de\/wp-json\/wp\/v2\/posts\/768360\/revisions"}],"wp:featuredmedia":[{"embeddable":true,"href":"https:\/\/dailynewshungary.com\/de\/wp-json\/wp\/v2\/media\/768361"}],"wp:attachment":[{"href":"https:\/\/dailynewshungary.com\/de\/wp-json\/wp\/v2\/media?parent=768360"}],"wp:term":[{"taxonomy":"category","embeddable":true,"href":"https:\/\/dailynewshungary.com\/de\/wp-json\/wp\/v2\/categories?post=768360"},{"taxonomy":"post_tag","embeddable":true,"href":"https:\/\/dailynewshungary.com\/de\/wp-json\/wp\/v2\/tags?post=768360"}],"curies":[{"name":"wp","href":"https:\/\/api.w.org\/{rel}","templated":true}]}}