{"id":768364,"date":"2015-04-25T20:00:28","date_gmt":"2015-04-25T18:00:28","guid":{"rendered":"https:\/\/dailynewshungary.com\/de\/ein-madchen-das-in-einem-tabakladen-arbeitet-wurde-nachts-erstochen\/"},"modified":"2015-04-25T20:00:28","modified_gmt":"2015-04-25T18:00:28","slug":"ein-madchen-das-in-einem-tabakladen-arbeitet-wurde-nachts-erstochen","status":"publish","type":"post","link":"https:\/\/dailynewshungary.com\/de\/ein-madchen-das-in-einem-tabakladen-arbeitet-wurde-nachts-erstochen\/","title":{"rendered":"Ein M\u00e4dchen, das in einem Tabakladen arbeitet, wurde nachts erstochen"},"content":{"rendered":"<p>Hvg.hu sagte, dass in der Nacht zum Mittwoch in Kaposv\u00e1r ein M\u00e4dchen tot aufgefunden worden sei und sie m\u00f6glicherweise Opfer eines Raub\u00fcberfalls geworden sei. Es hei\u00dft, dass sie m\u00f6glicherweise Synchronschwimmen \u00fcbe: Nach nicht best\u00e4tigten Informationen wurde sie mit f\u00fcnf Stichen mit einem Messer get\u00f6tet und auch ihr Hals war verletzt worden.<\/p>\n<p>Die Polizei teilte mit, dass sie in der Nacht zum Mittwoch im Zentrum von Kaposv\u00e1r in einem Tabakladen die Leiche einer Toten gefunden habe und ein Mordverdacht aufgetaucht sei.<\/p>\n<p>Die Lokalzeitungen sagten, dass es sich bei dem Opfer um den 20-j\u00e4hrigen Verk\u00e4ufer des Ladens handele. Der Kaposvarmost.hu sagte, sie sei mit f\u00fcnf Messerstichen get\u00f6tet worden: Sie sei an Hals, Brust und auch in der N\u00e4he ihrer H\u00fcfte verletzt worden.<br \/>\nLaut Sonline \u00fcbte das Opfer mit den Informationen, die auf den Einheimischen basieren, Synchronschwimmen. Sie h\u00e4tte um 6 Uhr bei seinem Besitzer einchecken sollen, was sie nicht tat. Sein Chef ging daher in den Laden, den er verschlossen vorfand, und darin fand er die Leiche des toten M\u00e4dchens.<\/p>\n<p>Der R\u00e4uber k\u00f6nnte verletzt worden sein, weil die Polizei nach einem 40-j\u00e4hrigen Mann sucht, der m\u00f6glicherweise blutet.<\/p>\n<p>Am Donnerstagmorgen war das Bild des Mannes geschm\u00e4ht worden und die Polizei bat die Einheimischen um Hilfe, sie sagten, dass sie nach dem Mann suchen, der der M\u00f6rder sein k\u00f6nnte, zum Tatzeitpunkt trug er Arbeitskleidung und er ist an seinem typischen Spaziergang zu erkennen, heute hat die Polizei den Verd\u00e4chtigen festgenommen.<\/p>\n<p><em>basierend auf Artikel von hvg.hu<\/em><br \/>\n<em>\u00dcbersetzung von Andrea Toth<\/em><\/p>\n<p><em>Foto: MTI<\/em><\/p>\n","protected":false},"excerpt":{"rendered":"<p>Hvg.hu sagte, dass in der Nacht zum Mittwoch in Kaposv\u00e1r ein M\u00e4dchen tot aufgefunden worden sei und sie m\u00f6glicherweise Opfer eines Raub\u00fcberfalls geworden sei. Es hei\u00dft, dass sie m\u00f6glicherweise Synchronschwimmen \u00fcbe: Nach nicht best\u00e4tigten Informationen wurde sie mit f\u00fcnf Stichen mit einem Messer get\u00f6tet und auch ihr Hals war verletzt worden. Die Polizei teilte mit, [&hellip;]<\/p>\n","protected":false},"author":2,"featured_media":768365,"comment_status":"open","ping_status":"open","sticky":false,"template":"","format":"standard","meta":{"_acf_changed":false,"_display_image":"","footnotes":""},"categories":[1098],"tags":[1066],"class_list":["post-768364","post","type-post","status-publish","format-standard","has-post-thumbnail","hentry","category-gesellschaft","tag-hungary"],"blocksy_meta":[],"acf":[],"author_username":"alk","telegram_post":"","public_post_metadata":{"breaking_news":"","important":"","csempe":"","center_tile":"","disable_thumbnail":"","target_lang":"","_featured_image_style":"","telegram_post":"","_xlat_group_id":""},"public_rank_math_data":{"title":"%title% %sep% %sitename%","description":"","focus_keyword":"","canonical_url":"","robots":"","primary_category":"1098","breadcrumb_title":"","facebook_title":"","facebook_description":"","facebook_image":"","facebook_image_id":"","twitter_title":"","twitter_description":"","twitter_image":"","twitter_image_id":"","twitter_card_type":"","twitter_use_facebook":"","advanced_robots":"","pillar_content":"","seo_score":"","contentai_score":"","rich_snippet":""},"_links":{"self":[{"href":"https:\/\/dailynewshungary.com\/de\/wp-json\/wp\/v2\/posts\/768364","targetHints":{"allow":["GET"]}}],"collection":[{"href":"https:\/\/dailynewshungary.com\/de\/wp-json\/wp\/v2\/posts"}],"about":[{"href":"https:\/\/dailynewshungary.com\/de\/wp-json\/wp\/v2\/types\/post"}],"author":[{"embeddable":true,"href":"https:\/\/dailynewshungary.com\/de\/wp-json\/wp\/v2\/users\/2"}],"replies":[{"embeddable":true,"href":"https:\/\/dailynewshungary.com\/de\/wp-json\/wp\/v2\/comments?post=768364"}],"version-history":[{"count":0,"href":"https:\/\/dailynewshungary.com\/de\/wp-json\/wp\/v2\/posts\/768364\/revisions"}],"wp:featuredmedia":[{"embeddable":true,"href":"https:\/\/dailynewshungary.com\/de\/wp-json\/wp\/v2\/media\/768365"}],"wp:attachment":[{"href":"https:\/\/dailynewshungary.com\/de\/wp-json\/wp\/v2\/media?parent=768364"}],"wp:term":[{"taxonomy":"category","embeddable":true,"href":"https:\/\/dailynewshungary.com\/de\/wp-json\/wp\/v2\/categories?post=768364"},{"taxonomy":"post_tag","embeddable":true,"href":"https:\/\/dailynewshungary.com\/de\/wp-json\/wp\/v2\/tags?post=768364"}],"curies":[{"name":"wp","href":"https:\/\/api.w.org\/{rel}","templated":true}]}}