{"id":768370,"date":"2015-04-25T13:52:47","date_gmt":"2015-04-25T11:52:47","guid":{"rendered":"https:\/\/dailynewshungary.com\/de\/jobbik-wurde-die-grenzkontrollen-verscharfen-um-die-einwanderung-einzudammen\/"},"modified":"2015-04-25T13:52:47","modified_gmt":"2015-04-25T11:52:47","slug":"jobbik-wurde-die-grenzkontrollen-verscharfen-um-die-einwanderung-einzudammen","status":"publish","type":"post","link":"https:\/\/dailynewshungary.com\/de\/jobbik-wurde-die-grenzkontrollen-verscharfen-um-die-einwanderung-einzudammen\/","title":{"rendered":"Jobbik w\u00fcrde die Grenzkontrollen versch\u00e4rfen, um die Einwanderung einzud\u00e4mmen"},"content":{"rendered":"<p><strong>Budapest (MTI) \u201eJobbik\u201cbegr\u00fc\u00dft, dass die Regierung die Bedeutung der Bek\u00e4mpfung der Einwanderung \u201eerkannt\u201d hat, dies jedoch nur durch eine wirksamere Grenzkontrolle erreicht werden kann, sagte der hochrangige Beamte der Partei am Freitag.<\/strong><\/p>\n<p>Die radikal-nationalistische Partei ist der Meinung, dass das Problem entgegen den \u201cTr\u00e4umen\u201d, die der Regierungssprecher zuvor ge\u00e4u\u00dfert hatte, im Entsendeland nicht gel\u00f6st werden k\u00f6nne, sagte Daniel Z Karpat, Fraktionsvorsitzender Jobbiks.<\/p>\n<p>Jobbik ist der Ansicht, dass Ungarn seine offenen Aufnahmezentren schlie\u00dfen und den Grenzschutzdienst wieder aufnehmen sollte, der zuvor in die Polizei integriert worden war.<\/p>\n<p>Der Regierungssprecher sagte am Freitag zuvor, dass sich Ungarns Ansichten zur illegalen Migration nicht allzu sehr von denen der Europ\u00e4ischen Union unterschieden, da die ungarische Regierung das Problem auch im Entsendeland angehen werde, so dass illegale Migranten gar nicht erst aufbrechen m\u00fcssten.<\/p>\n<p>Der Sprecher sagte, dass in Ungarn eine nationale Konsultation zu Einwanderung und Terrorismus stattfinden werde. Zu den 12 Fragen, die Ungarn per Post stellen m\u00fcssen, geh\u00f6rt eine dazu, ob illegale Grenz\u00fcbertritte trotz eines EU-Verbots l\u00e4nger als 24 Stunden festgehalten werden d\u00fcrfen. Eine weitere Frage wird Meinungen zu den Auswirkungen einholen, wenn Einwanderer \u201edie illegale Migration f\u00f6rdern\u201cund eine andere Frage dazu, ob von ihnen verlangt werden sollte, sich f\u00fcr den Ausgleich der Kosten ihres Lebensunterhalts in Ungarn einzusetzen.<\/p>\n<p>Ministerpr\u00e4sident Viktor Orban erkl\u00e4rte am Freitag, sein Standpunkt zur Einwanderung sei, dass Europa keine Einwanderer brauche und stattdessen eine gute Familien &#8211; und Besch\u00e4ftigungspolitik umsetzen solle, Ungarn habe vorgeschlagen, dass jeder einzelne EU-Mitgliedstaat entscheiden solle, welche Ma\u00dfnahmen er umsetzen solle, um die Fl\u00fcchtlingswelle zu bremsen.<\/p>\n<p><em>Foto: MTI<\/em><\/p>\n","protected":false},"excerpt":{"rendered":"<p>Budapest (MTI) \u201eJobbik\u201cbegr\u00fc\u00dft, dass die Regierung die Bedeutung der Bek\u00e4mpfung der Einwanderung \u201eerkannt\u201d hat, dies jedoch nur durch eine wirksamere Grenzkontrolle erreicht werden kann, sagte der hochrangige Beamte der Partei am Freitag. Die radikal-nationalistische Partei ist der Meinung, dass das Problem entgegen den \u201cTr\u00e4umen\u201d, die der Regierungssprecher zuvor ge\u00e4u\u00dfert hatte, im Entsendeland nicht gel\u00f6st werden [&hellip;]<\/p>\n","protected":false},"author":2,"featured_media":768371,"comment_status":"open","ping_status":"open","sticky":false,"template":"","format":"standard","meta":{"_acf_changed":false,"_display_image":"","footnotes":""},"categories":[1081],"tags":[1632,1445],"class_list":["post-768370","post","type-post","status-publish","format-standard","has-post-thumbnail","hentry","category-politik","tag-jobbik","tag-migration"],"blocksy_meta":[],"acf":[],"author_username":"alk","telegram_post":"","public_post_metadata":{"breaking_news":"","important":"","csempe":"","center_tile":"","disable_thumbnail":"","target_lang":"","_featured_image_style":"","telegram_post":"","_xlat_group_id":""},"public_rank_math_data":{"title":"%title% %sep% %sitename%","description":"","focus_keyword":"","canonical_url":"","robots":"","primary_category":"1081","breadcrumb_title":"","facebook_title":"","facebook_description":"","facebook_image":"","facebook_image_id":"","twitter_title":"","twitter_description":"","twitter_image":"","twitter_image_id":"","twitter_card_type":"","twitter_use_facebook":"","advanced_robots":"","pillar_content":"","seo_score":"","contentai_score":"","rich_snippet":""},"_links":{"self":[{"href":"https:\/\/dailynewshungary.com\/de\/wp-json\/wp\/v2\/posts\/768370","targetHints":{"allow":["GET"]}}],"collection":[{"href":"https:\/\/dailynewshungary.com\/de\/wp-json\/wp\/v2\/posts"}],"about":[{"href":"https:\/\/dailynewshungary.com\/de\/wp-json\/wp\/v2\/types\/post"}],"author":[{"embeddable":true,"href":"https:\/\/dailynewshungary.com\/de\/wp-json\/wp\/v2\/users\/2"}],"replies":[{"embeddable":true,"href":"https:\/\/dailynewshungary.com\/de\/wp-json\/wp\/v2\/comments?post=768370"}],"version-history":[{"count":0,"href":"https:\/\/dailynewshungary.com\/de\/wp-json\/wp\/v2\/posts\/768370\/revisions"}],"wp:featuredmedia":[{"embeddable":true,"href":"https:\/\/dailynewshungary.com\/de\/wp-json\/wp\/v2\/media\/768371"}],"wp:attachment":[{"href":"https:\/\/dailynewshungary.com\/de\/wp-json\/wp\/v2\/media?parent=768370"}],"wp:term":[{"taxonomy":"category","embeddable":true,"href":"https:\/\/dailynewshungary.com\/de\/wp-json\/wp\/v2\/categories?post=768370"},{"taxonomy":"post_tag","embeddable":true,"href":"https:\/\/dailynewshungary.com\/de\/wp-json\/wp\/v2\/tags?post=768370"}],"curies":[{"name":"wp","href":"https:\/\/api.w.org\/{rel}","templated":true}]}}