{"id":768384,"date":"2015-04-24T12:00:37","date_gmt":"2015-04-24T10:00:37","guid":{"rendered":"https:\/\/dailynewshungary.com\/de\/orban-europa-muss-seine-grenzen-schutzen\/"},"modified":"2015-04-24T12:00:37","modified_gmt":"2015-04-24T10:00:37","slug":"orban-europa-muss-seine-grenzen-schutzen","status":"publish","type":"post","link":"https:\/\/dailynewshungary.com\/de\/orban-europa-muss-seine-grenzen-schutzen\/","title":{"rendered":"Orban: Europa muss seine Grenzen sch\u00fctzen"},"content":{"rendered":"<p><strong>Budapest, 24. April (MTI) \u2013 Europa muss seine Grenzen sch\u00fctzen und daf\u00fcr schwere polizeiliche und milit\u00e4rische Ma\u00dfnahmen durchsetzen, sagte Premierminister Viktor Orban in seinem regelm\u00e4\u00dfigen Interview am Freitagmorgen mit dem \u00f6ffentlichen Radio.<\/strong><\/p>\n<p>Orban kommentierte den Br\u00fcsseler Sondergipfel zum Thema Fl\u00fcchtlinge am Donnerstag und stellte fest, dass die EU die Mittel f\u00fcr die Rettung von Migranten aus Nordafrika, die das Mittelmeer \u00fcberqueren, verdreifacht.<\/p>\n<p>Orban sagte gegen\u00fcber Kossuth Radio, dass es nicht ausreiche, die Grenzen Europas zu verteidigen, sondern dass Ma\u00dfnahmen ergriffen werden m\u00fcssten, um bei potenziellen Fl\u00fcchtlingen den Wunsch zu wecken, in ihren Heimatl\u00e4ndern zu bleiben.<\/p>\n<p>Er f\u00fcgte hinzu, dass sich der Gipfel auf Fl\u00fcchtlinge konzentrierte, die auf dem Seeweg ankommen, Ungarn jedoch von Fl\u00fcchtlingen betroffen sei, die an Land ankommen, was von der EU im Juni er\u00f6rtert wird, wenn eine umfassende Migrationsstrategie zur Vorbereitung geplant ist.<\/p>\n<p>Auch die Regierungschefs der Visegrad-Vier-L\u00e4nder h\u00e4tten am Donnerstag Konsultationen gef\u00fchrt und einen gemeinsamen Standpunkt gebilligt, der haupts\u00e4chlich Fl\u00fcchtlinge betreffe, die an Land ankommen, sagte Orban. Der slowakische Premierminister Robert Fico habe dies auf dem EU-Gipfel vorgestellt, f\u00fcgte er hinzu.<\/p>\n<p>Orban unterstrich einen von Ungarn vertretenen Standpunkt, dass es besser w\u00e4re, wenn jeder einzelne EU-Mitgliedstaat entscheiden k\u00f6nnte, welche Ma\u00dfnahmen er umsetzen will, um die Fl\u00fcchtlingswelle zu bremsen, Er sagte, die Regierung werde bald eine nationale Konsultation zu illegalen Grenzg\u00e4ngern einleitenDie Menschen werden gefragt, ob sie mit der Festnahme illegaler Grenzg\u00e4nger einverstanden sind, ob sie sofort ausgewiesen werden sollten und ob von ihnen erwartet werden sollte, dass sie w\u00e4hrend ihres Aufenthalts in Ungarn arbeiten, um die Kosten f\u00fcr Unterkunft und Verpflegung zu tragen Orban f\u00fcgte hinzu, dass solche Optionen derzeit gegen EU-Vorschriften versto\u00dfen w\u00fcrden, die er als stumpfsinnig bezeichnete, weil sie Mitgliedstaaten \u201cparalysieren\u201d.<\/p>\n<p>Solange die Fl\u00fcchtlinge aus Ungarn weiterreisen k\u00f6nnen, gibt es kein Problem, aber \u201edie Deutschen und \u00d6sterreicher werden \u201eden illegalen EU-Einreisenden nicht erlauben, frei in ihre L\u00e4nder zu reisen\u201csagte Orban\u201d.<\/p>\n<p>Der Premierminister bekr\u00e4ftigte seine \u00dcberzeugung, dass Europa keine Einwanderer, sondern eine gute Politik f\u00fcr Familien und Besch\u00e4ftigung braucheDas ist ein Thema, bei dem seine Position weit vom Mainstream entfernt istf\u00fcgte er hinzu.<\/p>\n<p><em>Foto: MTI<\/em><\/p>\n","protected":false},"excerpt":{"rendered":"<p>Budapest, 24. April (MTI) \u2013 Europa muss seine Grenzen sch\u00fctzen und daf\u00fcr schwere polizeiliche und milit\u00e4rische Ma\u00dfnahmen durchsetzen, sagte Premierminister Viktor Orban in seinem regelm\u00e4\u00dfigen Interview am Freitagmorgen mit dem \u00f6ffentlichen Radio. Orban kommentierte den Br\u00fcsseler Sondergipfel zum Thema Fl\u00fcchtlinge am Donnerstag und stellte fest, dass die EU die Mittel f\u00fcr die Rettung von Migranten [&hellip;]<\/p>\n","protected":false},"author":2,"featured_media":768385,"comment_status":"open","ping_status":"open","sticky":false,"template":"","format":"standard","meta":{"_acf_changed":false,"_display_image":"","footnotes":""},"categories":[1081],"tags":[1445,1128],"class_list":["post-768384","post","type-post","status-publish","format-standard","has-post-thumbnail","hentry","category-politik","tag-migration","tag-viktor-orban"],"blocksy_meta":[],"acf":[],"author_username":"alk","telegram_post":"","public_post_metadata":{"breaking_news":"","important":"","csempe":"","center_tile":"","disable_thumbnail":"","target_lang":"","_featured_image_style":"","telegram_post":"","_xlat_group_id":""},"public_rank_math_data":{"title":"%title% %sep% %sitename%","description":"","focus_keyword":"","canonical_url":"","robots":"","primary_category":"1081","breadcrumb_title":"","facebook_title":"","facebook_description":"","facebook_image":"","facebook_image_id":"","twitter_title":"","twitter_description":"","twitter_image":"","twitter_image_id":"","twitter_card_type":"","twitter_use_facebook":"","advanced_robots":"","pillar_content":"","seo_score":"","contentai_score":"","rich_snippet":""},"_links":{"self":[{"href":"https:\/\/dailynewshungary.com\/de\/wp-json\/wp\/v2\/posts\/768384","targetHints":{"allow":["GET"]}}],"collection":[{"href":"https:\/\/dailynewshungary.com\/de\/wp-json\/wp\/v2\/posts"}],"about":[{"href":"https:\/\/dailynewshungary.com\/de\/wp-json\/wp\/v2\/types\/post"}],"author":[{"embeddable":true,"href":"https:\/\/dailynewshungary.com\/de\/wp-json\/wp\/v2\/users\/2"}],"replies":[{"embeddable":true,"href":"https:\/\/dailynewshungary.com\/de\/wp-json\/wp\/v2\/comments?post=768384"}],"version-history":[{"count":0,"href":"https:\/\/dailynewshungary.com\/de\/wp-json\/wp\/v2\/posts\/768384\/revisions"}],"wp:featuredmedia":[{"embeddable":true,"href":"https:\/\/dailynewshungary.com\/de\/wp-json\/wp\/v2\/media\/768385"}],"wp:attachment":[{"href":"https:\/\/dailynewshungary.com\/de\/wp-json\/wp\/v2\/media?parent=768384"}],"wp:term":[{"taxonomy":"category","embeddable":true,"href":"https:\/\/dailynewshungary.com\/de\/wp-json\/wp\/v2\/categories?post=768384"},{"taxonomy":"post_tag","embeddable":true,"href":"https:\/\/dailynewshungary.com\/de\/wp-json\/wp\/v2\/tags?post=768384"}],"curies":[{"name":"wp","href":"https:\/\/api.w.org\/{rel}","templated":true}]}}