{"id":768424,"date":"2015-04-22T13:29:34","date_gmt":"2015-04-22T11:29:34","guid":{"rendered":"https:\/\/dailynewshungary.com\/de\/der-betreiber-des-fiumei-friedhofs-wird-die-beschadigten-graber-auf-eigene-kosten-restaurieren\/"},"modified":"2015-04-22T13:29:34","modified_gmt":"2015-04-22T11:29:34","slug":"der-betreiber-des-fiumei-friedhofs-wird-die-beschadigten-graber-auf-eigene-kosten-restaurieren","status":"publish","type":"post","link":"https:\/\/dailynewshungary.com\/de\/der-betreiber-des-fiumei-friedhofs-wird-die-beschadigten-graber-auf-eigene-kosten-restaurieren\/","title":{"rendered":"Der Betreiber des Fiumei-Friedhofs wird die besch\u00e4digten Gr\u00e4ber auf eigene Kosten restaurieren"},"content":{"rendered":"<p><strong>Die hvg.hu sagte, dass am Montag mit der Schadensuntersuchung begonnen worden sei und gleichzeitig auch die Erhebung der Entsch\u00e4digungen an die Rechteinhaber (die aufgrund der Grundst\u00fccke beteiligt seien) durchgef\u00fchrt worden sei, berichtet hvg.hu.<br \/>\n<\/strong><\/p>\n<p>Das Budapester Temetkez\u00e9si-Institut \u00e4u\u00dfert seine Missbilligung \u00fcber die &#8216;barbarischen Taten&#8217;, die auf dem Fiumei-Friedhof geschehen sind Der auf einem Lesefoto basierende Index.hu hat von Vandalismus berichtet: In der 43. Parzelle wurden 17 Gr\u00e4ber besch\u00e4digt und in Brand gesteckt, die Marmorgr\u00e4ber waren niedergeschlagen und ein Teil der Grabdecke entfernt worden.<\/p>\n<p>Am vergangenen Samstag teilte das Nationale Polizeipr\u00e4sidium dem MTI mit, dass das Polizeipr\u00e4sidium des 7. Bezirks den Schaden untersucht und nach einem unbekannten T\u00e4ter sucht.<\/p>\n<p>Laut HVG hat der Premierminister auch die Taten auf dem Fiumei-Friedhof missbilligt.<\/p>\n<p><em>basierend auf Artikel von hvg.hu<\/em><br \/>\n<em>\u00dcbersetzung von Andrea Toth<\/em><\/p>\n<p><em>Foto: MTI<\/em><\/p>\n","protected":false},"excerpt":{"rendered":"<p>Die hvg.hu sagte, dass am Montag mit der Schadensuntersuchung begonnen worden sei und gleichzeitig auch die Erhebung der Entsch\u00e4digungen an die Rechteinhaber (die aufgrund der Grundst\u00fccke beteiligt seien) durchgef\u00fchrt worden sei, berichtet hvg.hu. Das Budapester Temetkez\u00e9si-Institut \u00e4u\u00dfert seine Missbilligung \u00fcber die &#8216;barbarischen Taten&#8217;, die auf dem Fiumei-Friedhof geschehen sind Der auf einem Lesefoto basierende Index.hu [&hellip;]<\/p>\n","protected":false},"author":2,"featured_media":768425,"comment_status":"open","ping_status":"open","sticky":false,"template":"","format":"standard","meta":{"_acf_changed":false,"_display_image":"","footnotes":""},"categories":[1098],"tags":[1066],"class_list":["post-768424","post","type-post","status-publish","format-standard","has-post-thumbnail","hentry","category-gesellschaft","tag-hungary"],"blocksy_meta":[],"acf":[],"author_username":"alk","telegram_post":"","public_post_metadata":{"breaking_news":"","important":"","csempe":"","center_tile":"","disable_thumbnail":"","target_lang":"","_featured_image_style":"","telegram_post":"","_xlat_group_id":""},"public_rank_math_data":{"title":"%title% %sep% %sitename%","description":"","focus_keyword":"","canonical_url":"","robots":"","primary_category":"1098","breadcrumb_title":"","facebook_title":"","facebook_description":"","facebook_image":"","facebook_image_id":"","twitter_title":"","twitter_description":"","twitter_image":"","twitter_image_id":"","twitter_card_type":"","twitter_use_facebook":"","advanced_robots":"","pillar_content":"","seo_score":"","contentai_score":"","rich_snippet":""},"_links":{"self":[{"href":"https:\/\/dailynewshungary.com\/de\/wp-json\/wp\/v2\/posts\/768424","targetHints":{"allow":["GET"]}}],"collection":[{"href":"https:\/\/dailynewshungary.com\/de\/wp-json\/wp\/v2\/posts"}],"about":[{"href":"https:\/\/dailynewshungary.com\/de\/wp-json\/wp\/v2\/types\/post"}],"author":[{"embeddable":true,"href":"https:\/\/dailynewshungary.com\/de\/wp-json\/wp\/v2\/users\/2"}],"replies":[{"embeddable":true,"href":"https:\/\/dailynewshungary.com\/de\/wp-json\/wp\/v2\/comments?post=768424"}],"version-history":[{"count":0,"href":"https:\/\/dailynewshungary.com\/de\/wp-json\/wp\/v2\/posts\/768424\/revisions"}],"wp:featuredmedia":[{"embeddable":true,"href":"https:\/\/dailynewshungary.com\/de\/wp-json\/wp\/v2\/media\/768425"}],"wp:attachment":[{"href":"https:\/\/dailynewshungary.com\/de\/wp-json\/wp\/v2\/media?parent=768424"}],"wp:term":[{"taxonomy":"category","embeddable":true,"href":"https:\/\/dailynewshungary.com\/de\/wp-json\/wp\/v2\/categories?post=768424"},{"taxonomy":"post_tag","embeddable":true,"href":"https:\/\/dailynewshungary.com\/de\/wp-json\/wp\/v2\/tags?post=768424"}],"curies":[{"name":"wp","href":"https:\/\/api.w.org\/{rel}","templated":true}]}}