{"id":768444,"date":"2015-04-21T14:00:53","date_gmt":"2015-04-21T12:00:53","guid":{"rendered":"https:\/\/dailynewshungary.com\/de\/visueller-plan-bau-eines-neuen-gebaudes-in-ferihegy\/"},"modified":"2015-04-21T14:00:53","modified_gmt":"2015-04-21T12:00:53","slug":"visueller-plan-bau-eines-neuen-gebaudes-in-ferihegy","status":"publish","type":"post","link":"https:\/\/dailynewshungary.com\/de\/visueller-plan-bau-eines-neuen-gebaudes-in-ferihegy\/","title":{"rendered":"Visueller Plan: Bau eines neuen Geb\u00e4udes in Ferihegy"},"content":{"rendered":"<p style=\"text-align: left;\"><strong>Am internationalen Flughafen Liszt Ferenc geht laut hvg.hu das gr\u00f6\u00dfte Projekt des Jahres in die Bauphase, f\u00fcr Wizz Air wird eine 2000 qm gro\u00dfe Halle gebaut, die ihre Wartungsbasis voraussichtlich im September nach Ferihegy bringen wird.<\/strong><\/p>\n<p style=\"text-align: justify;\">Am Flughafen wird ein neuer Hangar gebaut, gigantische Maschinen graben die Fundamente aus \u2013 teilte der Flughafen Budapest auf seiner Facebook-Seite mitEs wurden nicht weniger als 68 Stahlbetonpf\u00e4hle im Bereich des neuen Kleiderb\u00fcgels am Flughafen Budapest gebohrt, damit ging das Projekt offiziell in die Bauphase.<\/p>\n<p style=\"text-align: justify;\">Zwischen dem Bereich der beiden gro\u00dfen Mechaniker &#8211; und Reparaturhangars wird der brandneue Hangar f\u00fcr Wizz Air gebaut, ab diesem September wird das Unternehmen seine Wartungsbasis nach Budapest bringenDie Fluggesellschaften und der Flughafen Budapest haben im vergangenen Juni den 15-j\u00e4hrigen Mietvertrag f\u00fcr den neuen Hangar unterzeichnet, sagte hvg.hu.<\/p>\n<p>Generalausf\u00fchrer des neuen Hangars ist Market Building Company, Die knapp 2000 qm gro\u00dfe Halle und ihr angeschlossener 200 qm gro\u00dfer Betriebsraum k\u00f6nnen von jeweils einem Flugzeug genutzt werden, bei der Gestaltung des Hangars wurde auch ber\u00fccksichtigt, dass Airbus A 321 neo Flugzeuge in der Flotte von Wizz Air auftauchen k\u00f6nnen, die \u00fcber ein Sharklet, dh einen neu gestalteten Fl\u00fcgel und ihren Rumpf fast 7 Meter l\u00e4nger als der derzeit betriebene Airbus A 320 sein wird.<\/p>\n<p><em>basierend auf dem Artikel von hvg.hu<br \/>\n\u00dcbersetzt von B.A<\/em><\/p>\n<p>Fotos: <a href=\"https:\/\/www.facebook.com\/budapestairport\/photos_stream\" target=\"_blank\" rel=\"noopener\"><span style=\"color: #3366ff;\">Facebook-Seite des Flughafens Budapest<\/span><\/a><\/p>\n","protected":false},"excerpt":{"rendered":"<p>Am internationalen Flughafen Liszt Ferenc geht laut hvg.hu das gr\u00f6\u00dfte Projekt des Jahres in die Bauphase, f\u00fcr Wizz Air wird eine 2000 qm gro\u00dfe Halle gebaut, die ihre Wartungsbasis voraussichtlich im September nach Ferihegy bringen wird. Am Flughafen wird ein neuer Hangar gebaut, gigantische Maschinen graben die Fundamente aus \u2013 teilte der Flughafen Budapest auf [&hellip;]<\/p>\n","protected":false},"author":3,"featured_media":768445,"comment_status":"open","ping_status":"open","sticky":false,"template":"","format":"standard","meta":{"_acf_changed":false,"_display_image":"","footnotes":""},"categories":[1281],"tags":[1111,1297],"class_list":["post-768444","post","type-post","status-publish","format-standard","has-post-thumbnail","hentry","category-geschaft","tag-budapest","tag-transport"],"blocksy_meta":[],"acf":[],"author_username":"becsi","telegram_post":"","public_post_metadata":{"breaking_news":"","important":"","csempe":"","center_tile":"","disable_thumbnail":"","target_lang":"","_featured_image_style":"","telegram_post":"","_xlat_group_id":""},"public_rank_math_data":{"title":"%title% %sep% %sitename%","description":"","focus_keyword":"","canonical_url":"","robots":"","primary_category":"1281","breadcrumb_title":"","facebook_title":"","facebook_description":"","facebook_image":"","facebook_image_id":"","twitter_title":"","twitter_description":"","twitter_image":"","twitter_image_id":"","twitter_card_type":"","twitter_use_facebook":"","advanced_robots":"","pillar_content":"","seo_score":"","contentai_score":"","rich_snippet":""},"_links":{"self":[{"href":"https:\/\/dailynewshungary.com\/de\/wp-json\/wp\/v2\/posts\/768444","targetHints":{"allow":["GET"]}}],"collection":[{"href":"https:\/\/dailynewshungary.com\/de\/wp-json\/wp\/v2\/posts"}],"about":[{"href":"https:\/\/dailynewshungary.com\/de\/wp-json\/wp\/v2\/types\/post"}],"author":[{"embeddable":true,"href":"https:\/\/dailynewshungary.com\/de\/wp-json\/wp\/v2\/users\/3"}],"replies":[{"embeddable":true,"href":"https:\/\/dailynewshungary.com\/de\/wp-json\/wp\/v2\/comments?post=768444"}],"version-history":[{"count":0,"href":"https:\/\/dailynewshungary.com\/de\/wp-json\/wp\/v2\/posts\/768444\/revisions"}],"wp:featuredmedia":[{"embeddable":true,"href":"https:\/\/dailynewshungary.com\/de\/wp-json\/wp\/v2\/media\/768445"}],"wp:attachment":[{"href":"https:\/\/dailynewshungary.com\/de\/wp-json\/wp\/v2\/media?parent=768444"}],"wp:term":[{"taxonomy":"category","embeddable":true,"href":"https:\/\/dailynewshungary.com\/de\/wp-json\/wp\/v2\/categories?post=768444"},{"taxonomy":"post_tag","embeddable":true,"href":"https:\/\/dailynewshungary.com\/de\/wp-json\/wp\/v2\/tags?post=768444"}],"curies":[{"name":"wp","href":"https:\/\/api.w.org\/{rel}","templated":true}]}}