{"id":768464,"date":"2015-04-20T10:00:43","date_gmt":"2015-04-20T08:00:43","guid":{"rendered":"https:\/\/dailynewshungary.com\/de\/problem-der-gewalt-gegen-krankenhauskrankenschwestern-in-ungarn\/"},"modified":"2015-04-20T10:00:43","modified_gmt":"2015-04-20T08:00:43","slug":"problem-der-gewalt-gegen-krankenhauskrankenschwestern-in-ungarn","status":"publish","type":"post","link":"https:\/\/dailynewshungary.com\/de\/problem-der-gewalt-gegen-krankenhauskrankenschwestern-in-ungarn\/","title":{"rendered":"Problem der Gewalt gegen Krankenhauskrankenschwestern in Ungarn"},"content":{"rendered":"<p><strong>Budapest, 20. April (MTI) \u2013 Gewalt gegen Krankenschwestern ist in Ungarn h\u00e4ufig, sagte die Tageszeitung Magyar Nemzet am MontagNur 13 Prozent der Krankenschwestern geben an, keine Form von Aggression erlebt zu haben.<\/strong><\/p>\n<p>Eine von der Berufsschule f\u00fcr Krankenpfleger in Auftrag gegebene Umfrage mit Interviews mit 2.420 Krankenpflegern ergab, dass 51 Prozent bis zu zwei F\u00e4lle von Gewalt erlebt hatten, w\u00e4hrend weitere 29 Prozent zwei oder mehr angaben. Ganze 7 Prozent gaben an, regelm\u00e4\u00dfig Opfer von Gewalt am Arbeitsplatz zu sein.<\/p>\n<p>Die Umfrage ergab, dass 37 Prozent aller befragten Krankenschwestern k\u00f6rperliche Gewalt erlitten hatten und fast 8 Prozent angaben, Opfer sexueller Bel\u00e4stigung, einschlie\u00dflich verbaler Bel\u00e4stigung, geworden zu sein.<\/p>\n<p>Die Pflegekr\u00e4fte berichteten von Misshandlungen durch Patienten und Angeh\u00f6rige der Patienten. Aber es waren eher die Patienten als die Angeh\u00f6rigen, die dazu neigten, aggressiv zu handeln. Etwa 31 Prozent der befragten Pflegekr\u00e4fte gaben an, dass Aggression einen entscheidenden Einfluss auf ihre Arbeit habe, w\u00e4hrend 57 Prozent angaben, einen teilweisen Einfluss zu haben. Nur 12 Prozent gaben an, dass es keinen Einfluss auf ihre Arbeit habe.<\/p>\n<p>Attila Vorosmarty, der die Umfrage leitete, sagte, dass die Rechte, die Beamten in Uniform, wie etwa der Polizei, gew\u00e4hrt w\u00fcrden, zwar gesetzlich f\u00fcr Besch\u00e4ftigte im Gesundheitswesen gelten, die Uniform einer Krankenschwester jedoch keine so zur\u00fcckhaltende Wirkung habe Er sagte, es seien weitere Anstrengungen erforderlich, um Gewalt gegen Krankenschwestern zu bek\u00e4mpfen.<\/p>\n<p><em>Foto: pixabay<\/em><\/p>\n","protected":false},"excerpt":{"rendered":"<p>Budapest, 20. April (MTI) \u2013 Gewalt gegen Krankenschwestern ist in Ungarn h\u00e4ufig, sagte die Tageszeitung Magyar Nemzet am MontagNur 13 Prozent der Krankenschwestern geben an, keine Form von Aggression erlebt zu haben. Eine von der Berufsschule f\u00fcr Krankenpfleger in Auftrag gegebene Umfrage mit Interviews mit 2.420 Krankenpflegern ergab, dass 51 Prozent bis zu zwei F\u00e4lle [&hellip;]<\/p>\n","protected":false},"author":2,"featured_media":768465,"comment_status":"open","ping_status":"open","sticky":false,"template":"","format":"standard","meta":{"_acf_changed":false,"_display_image":"","footnotes":""},"categories":[1098],"tags":[1066],"class_list":["post-768464","post","type-post","status-publish","format-standard","has-post-thumbnail","hentry","category-gesellschaft","tag-hungary"],"blocksy_meta":[],"acf":[],"author_username":"alk","telegram_post":"","public_post_metadata":{"breaking_news":"","important":"","csempe":"","center_tile":"","disable_thumbnail":"","target_lang":"","_featured_image_style":"","telegram_post":"","_xlat_group_id":""},"public_rank_math_data":{"title":"%title% %sep% %sitename%","description":"","focus_keyword":"","canonical_url":"","robots":"","primary_category":"1098","breadcrumb_title":"","facebook_title":"","facebook_description":"","facebook_image":"","facebook_image_id":"","twitter_title":"","twitter_description":"","twitter_image":"","twitter_image_id":"","twitter_card_type":"","twitter_use_facebook":"","advanced_robots":"","pillar_content":"","seo_score":"","contentai_score":"","rich_snippet":""},"_links":{"self":[{"href":"https:\/\/dailynewshungary.com\/de\/wp-json\/wp\/v2\/posts\/768464","targetHints":{"allow":["GET"]}}],"collection":[{"href":"https:\/\/dailynewshungary.com\/de\/wp-json\/wp\/v2\/posts"}],"about":[{"href":"https:\/\/dailynewshungary.com\/de\/wp-json\/wp\/v2\/types\/post"}],"author":[{"embeddable":true,"href":"https:\/\/dailynewshungary.com\/de\/wp-json\/wp\/v2\/users\/2"}],"replies":[{"embeddable":true,"href":"https:\/\/dailynewshungary.com\/de\/wp-json\/wp\/v2\/comments?post=768464"}],"version-history":[{"count":0,"href":"https:\/\/dailynewshungary.com\/de\/wp-json\/wp\/v2\/posts\/768464\/revisions"}],"wp:featuredmedia":[{"embeddable":true,"href":"https:\/\/dailynewshungary.com\/de\/wp-json\/wp\/v2\/media\/768465"}],"wp:attachment":[{"href":"https:\/\/dailynewshungary.com\/de\/wp-json\/wp\/v2\/media?parent=768464"}],"wp:term":[{"taxonomy":"category","embeddable":true,"href":"https:\/\/dailynewshungary.com\/de\/wp-json\/wp\/v2\/categories?post=768464"},{"taxonomy":"post_tag","embeddable":true,"href":"https:\/\/dailynewshungary.com\/de\/wp-json\/wp\/v2\/tags?post=768464"}],"curies":[{"name":"wp","href":"https:\/\/api.w.org\/{rel}","templated":true}]}}