{"id":768475,"date":"2015-04-19T11:00:21","date_gmt":"2015-04-19T09:00:21","guid":{"rendered":"https:\/\/dailynewshungary.com\/de\/budapest-dance-festival-kommt\/"},"modified":"2015-04-19T11:00:21","modified_gmt":"2015-04-19T09:00:21","slug":"budapest-dance-festival-kommt","status":"publish","type":"post","link":"https:\/\/dailynewshungary.com\/de\/budapest-dance-festival-kommt\/","title":{"rendered":"Budapest Dance Festival kommt"},"content":{"rendered":"<p><strong>Zwei internationale Produktionen, eine Demonstration in Budapest und zwei Galas werden zwischen dem 27. April und dem 3. Mai beim Budapester Tanzfestival stattfinden, organisiert vom Nationalen Tanztheater, sagte szinhaz.hu.<\/strong><\/p>\n<p>Der israelische Choreograf von London Hofesh Schechter wird das Budapester Tanzfestival mit seiner neuen Performance deGeneration am 27. April er\u00f6ffnen Das Budapester Publikum kann das St\u00fcck im Rahmen einer Vordemonstration sehen Die Premiere wird im Theatre des Abbesses, Paris \u2013 Peter Ertl, Direktor des Nationalen Tanztheaters, sagte.<\/p>\n<p>W\u00e4hrend des Festes wird doppelt gefeiert Zuerst ist es die 65<sup>th<\/sup> Jubil\u00e4um der Ungarischen Tanzakademie, deren Studenten sich die B\u00fchne des Festival Theaters mit Studenten renommierter &amp; unter anderem Wien, Berlin, Dresden, Stuttgart, Ljubljana, Izmir &amp; Tanzakademien teilen werden, zudem ist dieses Jahr, wie jedes Jahr, am 29. April der Welttag des Tanzes, an diesem Tag \u00fcbergibt der Ungarische T\u00e4nzerverband seine beruflichen Anerkennungen Veranstalter der Gala ist Balazs Vincze, Direktor des Pecs Ballet.<\/p>\n<p>Am 30. April tanzt das Szeged Contemporary Ballet die neue Choreografie von Tamas Juronics, die Insomnia Am 2. und 3. Mai spielt Rojas &amp; Rodriguez \/ Nuevo Ballet Espanol, das neun spanische Tanzk\u00fcnstler und vier Musiker umfasst, Titanium, das die Fusion aus Flamenco, Hip-Hop und Streetdance ist.<\/p>\n<p>Der Welttanztag ist seit 1982 der Geburtstag des franz\u00f6sischen T\u00e4nzers Jean-Georges Noverre, er wurde von der UNESCO gew\u00e4hlt, ein wesentliches Ziel des internationalen Tanztages ist die Popularisierung der Tanzk\u00fcnste im Alltag.<\/p>\n<p><em>Auf der Grundlage des Szinhaz.hu<br \/>\n\u00dcbersetzt von B.A<\/em><\/p>\n<p><em>Foto:<\/em> <em>budapesttancfesztival.hu<\/em><\/p>\n","protected":false},"excerpt":{"rendered":"<p>Zwei internationale Produktionen, eine Demonstration in Budapest und zwei Galas werden zwischen dem 27. April und dem 3. Mai beim Budapester Tanzfestival stattfinden, organisiert vom Nationalen Tanztheater, sagte szinhaz.hu. Der israelische Choreograf von London Hofesh Schechter wird das Budapester Tanzfestival mit seiner neuen Performance deGeneration am 27. April er\u00f6ffnen Das Budapester Publikum kann das St\u00fcck [&hellip;]<\/p>\n","protected":false},"author":3,"featured_media":768476,"comment_status":"open","ping_status":"open","sticky":false,"template":"","format":"standard","meta":{"_acf_changed":false,"_display_image":"","footnotes":""},"categories":[1151],"tags":[1314],"class_list":["post-768475","post","type-post","status-publish","format-standard","has-post-thumbnail","hentry","category-kulturen","tag-kunst"],"blocksy_meta":[],"acf":[],"author_username":"becsi","telegram_post":"","public_post_metadata":{"breaking_news":"","important":"","csempe":"","center_tile":"","disable_thumbnail":"","target_lang":"","_featured_image_style":"","telegram_post":"","_xlat_group_id":""},"public_rank_math_data":{"title":"%title% %sep% %sitename%","description":"","focus_keyword":"","canonical_url":"","robots":"","primary_category":"1151","breadcrumb_title":"","facebook_title":"","facebook_description":"","facebook_image":"","facebook_image_id":"","twitter_title":"","twitter_description":"","twitter_image":"","twitter_image_id":"","twitter_card_type":"","twitter_use_facebook":"","advanced_robots":"","pillar_content":"","seo_score":"","contentai_score":"","rich_snippet":""},"_links":{"self":[{"href":"https:\/\/dailynewshungary.com\/de\/wp-json\/wp\/v2\/posts\/768475","targetHints":{"allow":["GET"]}}],"collection":[{"href":"https:\/\/dailynewshungary.com\/de\/wp-json\/wp\/v2\/posts"}],"about":[{"href":"https:\/\/dailynewshungary.com\/de\/wp-json\/wp\/v2\/types\/post"}],"author":[{"embeddable":true,"href":"https:\/\/dailynewshungary.com\/de\/wp-json\/wp\/v2\/users\/3"}],"replies":[{"embeddable":true,"href":"https:\/\/dailynewshungary.com\/de\/wp-json\/wp\/v2\/comments?post=768475"}],"version-history":[{"count":0,"href":"https:\/\/dailynewshungary.com\/de\/wp-json\/wp\/v2\/posts\/768475\/revisions"}],"wp:featuredmedia":[{"embeddable":true,"href":"https:\/\/dailynewshungary.com\/de\/wp-json\/wp\/v2\/media\/768476"}],"wp:attachment":[{"href":"https:\/\/dailynewshungary.com\/de\/wp-json\/wp\/v2\/media?parent=768475"}],"wp:term":[{"taxonomy":"category","embeddable":true,"href":"https:\/\/dailynewshungary.com\/de\/wp-json\/wp\/v2\/categories?post=768475"},{"taxonomy":"post_tag","embeddable":true,"href":"https:\/\/dailynewshungary.com\/de\/wp-json\/wp\/v2\/tags?post=768475"}],"curies":[{"name":"wp","href":"https:\/\/api.w.org\/{rel}","templated":true}]}}